{"id":7112,"date":"2011-10-23T23:48:42","date_gmt":"2011-10-23T22:48:42","guid":{"rendered":"http:\/\/diariodevurgos.com\/dvwps\/?p=7112"},"modified":"2011-10-24T17:04:20","modified_gmt":"2011-10-24T16:04:20","slug":"reflexion-y-lucha-hilo-de-ariadna-para-escapar-del-laberinto-democratico","status":"publish","type":"post","link":"https:\/\/diariodevurgos.com\/dvwps\/reflexion-y-lucha-hilo-de-ariadna-para-escapar-del-laberinto-democratico.php","title":{"rendered":"Reflexi\u00f3n y lucha: hilo de Ariadna para escapar del laberinto democr\u00e1tico"},"content":{"rendered":"<p class=\"lead\"><a rel=\"attachment wp-att-7117\" href=\"http:\/\/diariodevurgos.com\/dvwps\/reflexion-y-lucha-hilo-de-ariadna-para-escapar-del-laberinto-democratico.php\/hilo-2\"><img loading=\"lazy\" class=\"alignright size-full wp-image-7117\" title=\"hilo\" src=\"http:\/\/diariodevurgos.com\/dvwps\/wp-content\/uploads\/2011\/10\/hilo2.jpg\" alt=\"hilo\" width=\"87\" height=\"70\" \/><\/a>Ciclo de charlas en la Biblioteca anarquista &#8220;La Maldita&#8221; situada en calle las escuelas 8 del pueblo de Gamonal.<\/p>\n<p><!--more--><\/p>\n<ul>\n<li><strong>S\u00e1bado 29<\/strong> de octubre a las 18:00 h. &#8220;Cuando la resistencia es &#8220;emergencia&#8221;: la lucha contra los vertederos en N\u00e1poles y la militarizaci\u00f3n del territorio&#8221; a\u00a0 cargo de compa\u00f1eros italianos.<\/li>\n<\/ul>\n<ul>\n<li><strong>S\u00e1bado 5<\/strong> de noviembre a las 18:00 h. &#8220;El laberinto democr\u00e1tico: el ciudadanismo como perfecionamiento del sistema de dominaci\u00f3n social&#8221; a cargo de Miquel Amor\u00f3s.<\/li>\n<\/ul>\n<ul>\n<li><strong>Viernes 11<\/strong> de Noviembre a las 20:00 h. &#8220;Lucha social en grecia: acercamiento al contexto sociopol\u00ed\u00adtico actual en Grecia&#8221;.<\/li>\n<\/ul>\n<a rel=\"attachment wp-att-7113\" href=\"http:\/\/diariodevurgos.com\/dvwps\/reflexion-y-lucha-hilo-de-ariadna-para-escapar-del-laberinto-democratico.php\/hilo\"><img loading=\"lazy\" class=\"aligncenter size-full wp-image-7113\" title=\"hilo\" src=\"http:\/\/diariodevurgos.com\/dvwps\/wp-content\/uploads\/2011\/10\/hilo.jpg\" alt=\"hilo\" width=\"400\" height=\"563\" srcset=\"https:\/\/diariodevurgos.com\/dvwps\/wp-content\/uploads\/2011\/10\/hilo.jpg 400w, https:\/\/diariodevurgos.com\/dvwps\/wp-content\/uploads\/2011\/10\/hilo-213x300.jpg 213w\" sizes=\"(max-width: 400px) 100vw, 400px\" \/><\/a>\n","protected":false},"excerpt":{"rendered":"<p>Ciclo de charlas en la Biblioteca anarquista &#8220;La Maldita&#8221; situada en calle las escuelas 8 del pueblo de Gamonal.<\/p>\n","protected":false},"author":21,"featured_media":0,"comment_status":"open","ping_status":"closed","sticky":false,"template":"","format":"standard","meta":[],"categories":[2,27,47],"tags":[],"_links":{"self":[{"href":"https:\/\/diariodevurgos.com\/dvwps\/wp-json\/wp\/v2\/posts\/7112"}],"collection":[{"href":"https:\/\/diariodevurgos.com\/dvwps\/wp-json\/wp\/v2\/posts"}],"about":[{"href":"https:\/\/diariodevurgos.com\/dvwps\/wp-json\/wp\/v2\/types\/post"}],"author":[{"embeddable":true,"href":"https:\/\/diariodevurgos.com\/dvwps\/wp-json\/wp\/v2\/users\/21"}],"replies":[{"embeddable":true,"href":"https:\/\/diariodevurgos.com\/dvwps\/wp-json\/wp\/v2\/comments?post=7112"}],"version-history":[{"count":9,"href":"https:\/\/diariodevurgos.com\/dvwps\/wp-json\/wp\/v2\/posts\/7112\/revisions"}],"predecessor-version":[{"id":7124,"href":"https:\/\/diariodevurgos.com\/dvwps\/wp-json\/wp\/v2\/posts\/7112\/revisions\/7124"}],"wp:attachment":[{"href":"https:\/\/diariodevurgos.com\/dvwps\/wp-json\/wp\/v2\/media?parent=7112"}],"wp:term":[{"taxonomy":"category","embeddable":true,"href":"https:\/\/diariodevurgos.com\/dvwps\/wp-json\/wp\/v2\/categories?post=7112"},{"taxonomy":"post_tag","embeddable":true,"href":"https:\/\/diariodevurgos.com\/dvwps\/wp-json\/wp\/v2\/tags?post=7112"}],"curies":[{"name":"wp","href":"https:\/\/api.w.org\/{rel}","templated":true}]}}