{"id":7133,"date":"2011-10-25T11:00:32","date_gmt":"2011-10-25T10:00:32","guid":{"rendered":"http:\/\/diariodevurgos.com\/dvwps\/?p=7133"},"modified":"2011-10-24T21:13:17","modified_gmt":"2011-10-24T20:13:17","slug":"tu-voto-no-es-tu-voz-es-tu-condena","status":"publish","type":"post","link":"https:\/\/diariodevurgos.com\/dvwps\/tu-voto-no-es-tu-voz-es-tu-condena.php","title":{"rendered":"Tu voto no es tu voz, es tu condena"},"content":{"rendered":"<p class=\"lead\"><a rel=\"attachment wp-att-7135\" href=\"http:\/\/diariodevurgos.com\/dvwps\/tu-voto-no-es-tu-voz-es-tu-condena.php\/dontvote\"><img loading=\"lazy\" class=\"alignright size-full wp-image-7135\" title=\"dontvote\" src=\"http:\/\/diariodevurgos.com\/dvwps\/wp-content\/uploads\/2011\/10\/dontvote.jpg\" alt=\"dontvote\" width=\"83\" height=\"124\" \/><\/a>Otra vez nos llaman a votar. Mientras el paro, la pobreza y la miseria asolan el mundo como una pandemia, todos los partidos, grandes y peque\u00f1os, ponen en marcha su campa\u00f1a para vendernos la f\u00f3rmula m\u00e1gica que nos solucionar\u00e1 la vida al m\u00f3dico precio de un voto que engrose sus filas.<\/p>\n<p><!--more--><\/p>\n<p>Miles de promesas electorales embaucadoras intentar\u00e1n abrirnos el apetito hacia ese nuevo para\u00ed\u00adso terrenal que llevan prometi\u00e9ndonos desde 1975 y que cada vez se parece m\u00e1s a un aut\u00e9ntico infierno. Miles de carteles en las calles nos repetir\u00e1n que el d\u00ed\u00ada 20 de noviembre es un d\u00ed\u00ada importante en nuestras vidas, porque en \u00e9l haremos uso de la m\u00e1xima expresi\u00f3n de nuestra libertad: El voto. Y, efectivamente, as\u00ed\u00ad ocurrir\u00e1: Mucha gente ir\u00e1 a hacer uso de ese gesto\u00a0 al que ha quedado relegada su libertad: Un movimiento de mano hacia una urna. Y luego volver\u00e1n a sus hogares lapidados de hipotecas que no pueden pagar, a saludar a su familia y a sus deudas y a seguir arrastrando la cadena perpetua al desempleo, a la inestabilidad laboral o, con suerte, a un horario r\u00ed\u00adgido, obligado, que les asegure un sueldo con el que tirar palente.La experiencia nos ha ense\u00f1ado la verdadera cara de esta democracia de urnas y partidos: Nos ha demostrado que, en el sistema vigente, escaso o nulo poder tenemos<br \/>\nsobre nuestras propias vidas, que todo nuestro quehacer cotidiano est\u00e1 supeditado al vaiv\u00e9n de los intereses de unos poderes econ\u00f3micos, empresariales y gubernamentales sobre los que no tenemos voz ni voto real alguno.<\/p>\n<p>Votar el 20 de noviembre significa votar la perpetuaci\u00f3n de esta din\u00e1mica. Significa votar &#8220;S\u00ed\u00ad&#8221;\u009d a dejar nuestras vidas en manos de otras personas, &#8220;S\u00ed\u00ad&#8221;\u009d a la pasividad, &#8220;S\u00ed\u00ad&#8221;\u009d a la fe en este sistema que cada vez muestra m\u00e1s descaradamente su rostro criminal, votar &#8220;S\u00ed\u00ad&#8221;\u009d (en definitiva) a la falta de libertad real basada en la presunci\u00f3n de que somos tan incapaces de decidir el rumbo de nuestras\u00a0 propias vidas que preferimos dejarla en otras manos a\u00fan a costa de que nos pisoteen, nos roben o nos maten de hambre.<\/p>\n<p>Nos negamos a participar en todo esto: Nos negamos\u00a0 a votar por aquello que nos destruye. Sabemos que no somos engranajes in\u00fatiles, que podemos y queremos gestionar nuestras propias vidas y decidir sobre ellas. Por ello, queremos recordar que hay otra forma de cambiar las cosas, otra forma que realmente nos implica y nos permite darle el voto, no a un programa electoral escrito por otras personas, sino a nuestra propia voz, a las preocupaciones y deseos de todos y cada uno de nosotros. Y eso s\u00f3lo puede conseguirse desde aqu\u00ed\u00ad y desde ahora: organiz\u00e1ndonos en los barrios, en los tajos, en las universidades&#8230; y, una vez organizada la poblaci\u00f3n, cambiando nuestra vida cotidiana, nuestro entorno, trabajando para mejorarlo hasta crear una alternativa s\u00f3lida a este sistema. Pero, es preciso decirlo, sin subvenciones que nos aten al Estado, sin privilegios de ning\u00fan tipo, s\u00f3lo la poblaci\u00f3n, s\u00f3lo la gente; sin partidos pol\u00ed\u00adticos, sin sindicatos subvencionados, de forma asamblearia&#8230;. Es de esto de lo que queremos hablar y reflexionar para ponerlo en pr\u00e1ctica. Porque existe otra opci\u00f3n a parte de la de votar cada cuatro a\u00f1os y luego callar y tragar.<\/p>\n<p><strong>YO NO VOTO<\/strong><\/p>\n<p>Fuente: <a href=\"http:\/\/politicospartidos.blogspot.com\/2011\/09\/tu-voto-no-es-tu-voz-es-tu-condena.html\" target=\"_blank\">Pol\u00ed\u00adticospartidos<\/a><\/p>\n<a rel=\"attachment wp-att-7134\" href=\"http:\/\/diariodevurgos.com\/dvwps\/tu-voto-no-es-tu-voz-es-tu-condena.php\/novotes_2calavera\"><img loading=\"lazy\" class=\"aligncenter size-full wp-image-7134\" title=\"novotes_2calavera\" src=\"http:\/\/diariodevurgos.com\/dvwps\/wp-content\/uploads\/2011\/10\/novotes_2calavera.jpg\" alt=\"novotes_2calavera\" width=\"371\" height=\"524\" \/><\/a>\n","protected":false},"excerpt":{"rendered":"<p>Otra vez nos llaman a votar. Mientras el paro, la pobreza y la miseria asolan el mundo como una pandemia, todos los partidos, grandes y peque\u00f1os, ponen en marcha su campa\u00f1a para vendernos la f\u00f3rmula m\u00e1gica que nos solucionar\u00e1 la vida al m\u00f3dico precio de un voto que engrose sus filas.<\/p>\n","protected":false},"author":21,"featured_media":0,"comment_status":"open","ping_status":"closed","sticky":false,"template":"","format":"standard","meta":[],"categories":[7],"tags":[],"_links":{"self":[{"href":"https:\/\/diariodevurgos.com\/dvwps\/wp-json\/wp\/v2\/posts\/7133"}],"collection":[{"href":"https:\/\/diariodevurgos.com\/dvwps\/wp-json\/wp\/v2\/posts"}],"about":[{"href":"https:\/\/diariodevurgos.com\/dvwps\/wp-json\/wp\/v2\/types\/post"}],"author":[{"embeddable":true,"href":"https:\/\/diariodevurgos.com\/dvwps\/wp-json\/wp\/v2\/users\/21"}],"replies":[{"embeddable":true,"href":"https:\/\/diariodevurgos.com\/dvwps\/wp-json\/wp\/v2\/comments?post=7133"}],"version-history":[{"count":9,"href":"https:\/\/diariodevurgos.com\/dvwps\/wp-json\/wp\/v2\/posts\/7133\/revisions"}],"predecessor-version":[{"id":7156,"href":"https:\/\/diariodevurgos.com\/dvwps\/wp-json\/wp\/v2\/posts\/7133\/revisions\/7156"}],"wp:attachment":[{"href":"https:\/\/diariodevurgos.com\/dvwps\/wp-json\/wp\/v2\/media?parent=7133"}],"wp:term":[{"taxonomy":"category","embeddable":true,"href":"https:\/\/diariodevurgos.com\/dvwps\/wp-json\/wp\/v2\/categories?post=7133"},{"taxonomy":"post_tag","embeddable":true,"href":"https:\/\/diariodevurgos.com\/dvwps\/wp-json\/wp\/v2\/tags?post=7133"}],"curies":[{"name":"wp","href":"https:\/\/api.w.org\/{rel}","templated":true}]}}