{"id":717,"date":"2007-08-30T13:51:38","date_gmt":"2007-08-30T12:51:38","guid":{"rendered":"http:\/\/diariodevurgos.com\/dvwps\/manifestacion-en-palencia.php"},"modified":"2007-08-30T13:55:15","modified_gmt":"2007-08-30T12:55:15","slug":"manifestacion-en-palencia","status":"publish","type":"post","link":"https:\/\/diariodevurgos.com\/dvwps\/manifestacion-en-palencia.php","title":{"rendered":"Manifestaci\u00f3n en Palencia"},"content":{"rendered":"<p class=\"lead\"><img align=\"right\" title=\"NoVotes\" id=\"image90\" alt=\"NoVotes\" src=\"http:\/\/diariodevurgos.com\/dvwps\/wp-content\/uploads\/2007\/01\/novotes.miniatura.jpg\" \/> <strong>Un palentino nos comenta:<\/strong>&#8230;en apoyo a los multados por los hechos ocurridos en el <a title=\"1mayo\" href=\"http:\/\/diariodevurgos.com\/dvwps\/cuando-desmontas-la-farsa-aparece-la-represionpalencia.php\">1\u00ba de Mayo de 2006<\/a><br \/>\nEl acto tendr\u00e1 lugar este s\u00e1bado 1 de Septiembre a las 19:00h en la plaza Abilio Calder\u00f3n (junto a los juzgados).<br \/>\nQueremos que todo el mundo sepa que CCOO y UGT no se dedican a defender los derechos de los trabajadores, algo que por otra parte no hacen desde su legalizaci\u00f3n en 1977 y la correspondiente firma de los Pactos de la Moncloa&#8230;<\/p>\n<p><!--more-->A lo que se dedican ahora es a DENUNCIAR a aquellxs que les plantan cara y rechazan su pol\u00ed\u00adtica de chanchullo, negociaciones y claudicaciones.<\/p>\n<p>El 1\u00ba de Mayo de 2006 un peque\u00f1o grupo de personas protestamos en la calle por la inminente entrada en vigor de la nueva, que no \u00faltima, REFORMA LABORAL que estos sindicatos junto con sus socios, patronal y gobierno hab\u00ed\u00adan gestado y que nos va a suponer a todxs lxs trabajadorxs nuevos recortes en nuestros, cada vez m\u00e1s limitados, DERECHOS LABORALES.<br \/>\nSabemos que las VERDADES OFENDEN pero nunca imaginamos que fu\u00e9ramos a hacerles &#8220;tanta pupa&#8221;. A la vista est\u00e1. La Subdelegaci\u00f3n del Gobierno, a petici\u00f3n de UGT y CCOO, denunci\u00f3 pro lo acontecido el 1\u00ba de Mayo a DIEZ PERSONAS (a casi todos los que protestamos ese d\u00ed\u00ada) tres menores y siete mayores de edad.<\/p>\n<p>A los primeros se les impuso 30 HORAS DE TRABAJOS A LA COMUNIDAD. La petici\u00f3n para los mayores de edad asciende a 16500 \u00e2\u201a\u00ac DE MULTA y responsabilidad personal subsidiaria en caso de impago de la misma. O sea PENA DE C\u00ed\u0081RCEL, la cual es m\u00e1s que probable teniendo en cuenta que somos estudiantes, parados y trabajadores precarios en un alt\u00ed\u00adsimo porcentaje.<\/p>\n<p>El DELITO que hemos cometido seg\u00fan la Fiscal\u00ed\u00ada (Subdelegaci\u00f3n) y la acusaci\u00f3n particular de CCOO es el previsto en el art\u00ed\u00adculo 514.4 del C\u00f3digo Penal relativo a las libertades y derechos fundamentales.<\/p>\n<p>SE NOS ACUSA de haber parado en al menos dos ocasiones la citada manifestaci\u00f3n y haber impedido por tanto a lxs trabajadorxs su derecho a manifestarse.<\/p>\n<p>Tiene gracia, QUE QUIENES PERMITEN la existencia de las infames ETTS, firman convenios que insultan a lxs trabajadorxs, son c\u00f3mplices de los cada vez m\u00e1s numerosos expedientes de regulaci\u00f3n de empleo y despidos, acuerdan con la patronal subir los salarios por debajo de la inflaci\u00f3n, reciben subvenciones millonarias del Estado, nos acusen de vulnerar los derechos de lxs obrerxs.<br \/>\nQUEREMOS QUE TODO EL MUNDO SEPA QUE ESA MANIFESTACI\u00ed\u201cN NO SE PAR\u00ed\u201c (\u00bfc\u00f3mo 15 personas van a detener a 300?) Que en ella fuimos INSULTADXS, AGREDIDXS Y AHORA INJUSTAMENTE ENJUICIADOS PARA MULTARNOS.<br \/>\nY es que&#8230; ya nos lo avis\u00f3 en Secretario General de CCOO ese mismo d\u00ed\u00ada: &#8220;Esto no va a volver a pasar nunca m\u00e1s&#8221;. AM\u00ed\u2030N.<\/p>\n","protected":false},"excerpt":{"rendered":"<p>Un palentino nos comenta:&#8230;en apoyo a los multados por los hechos ocurridos en el 1\u00ba de Mayo de 2006 El acto tendr\u00e1 lugar este s\u00e1bado 1 de Septiembre a las 19:00h en la plaza Abilio Calder\u00f3n (junto a los juzgados). Queremos que todo el mundo sepa que CCOO y UGT no se dedican a defender&#8230;  <a href=\"https:\/\/diariodevurgos.com\/dvwps\/manifestacion-en-palencia.php\" class=\"more-link\" title=\"Read Manifestaci\u00f3n en Palencia\">Read more &raquo;<\/a><\/p>\n","protected":false},"author":1,"featured_media":0,"comment_status":"open","ping_status":"open","sticky":false,"template":"","format":"standard","meta":[],"categories":[3],"tags":[],"_links":{"self":[{"href":"https:\/\/diariodevurgos.com\/dvwps\/wp-json\/wp\/v2\/posts\/717"}],"collection":[{"href":"https:\/\/diariodevurgos.com\/dvwps\/wp-json\/wp\/v2\/posts"}],"about":[{"href":"https:\/\/diariodevurgos.com\/dvwps\/wp-json\/wp\/v2\/types\/post"}],"author":[{"embeddable":true,"href":"https:\/\/diariodevurgos.com\/dvwps\/wp-json\/wp\/v2\/users\/1"}],"replies":[{"embeddable":true,"href":"https:\/\/diariodevurgos.com\/dvwps\/wp-json\/wp\/v2\/comments?post=717"}],"version-history":[{"count":0,"href":"https:\/\/diariodevurgos.com\/dvwps\/wp-json\/wp\/v2\/posts\/717\/revisions"}],"wp:attachment":[{"href":"https:\/\/diariodevurgos.com\/dvwps\/wp-json\/wp\/v2\/media?parent=717"}],"wp:term":[{"taxonomy":"category","embeddable":true,"href":"https:\/\/diariodevurgos.com\/dvwps\/wp-json\/wp\/v2\/categories?post=717"},{"taxonomy":"post_tag","embeddable":true,"href":"https:\/\/diariodevurgos.com\/dvwps\/wp-json\/wp\/v2\/tags?post=717"}],"curies":[{"name":"wp","href":"https:\/\/api.w.org\/{rel}","templated":true}]}}