{"id":7358,"date":"2011-12-09T01:36:34","date_gmt":"2011-12-09T00:36:34","guid":{"rendered":"http:\/\/diariodevurgos.com\/dvwps\/?p=7358"},"modified":"2011-12-09T01:36:34","modified_gmt":"2011-12-09T00:36:34","slug":"cobertura-radiofonica-del-encuentro-del-libro-anarquista","status":"publish","type":"post","link":"https:\/\/diariodevurgos.com\/dvwps\/cobertura-radiofonica-del-encuentro-del-libro-anarquista.php","title":{"rendered":"Cobertura radiof\u00f3nica del Encuentro del Libro Anarquista"},"content":{"rendered":"<p class=\"lead\">A lo largo de este fin de semana se llevar\u00e1 a cabo la <strong>IX edici\u00f3n del Encuentro del Libro Anarquista de Madrid<\/strong> .<a title=\"Radio Ondaexpansiva\" href=\"http:\/\/ondaexpansiva.net\/\"> Radio Ondaexpansiva <\/a>realizar\u00e1 la cobertura radiof\u00f3nica del evento emitiendo a trav\u00e9s de la red desde la <strong>Escuela Popular <em>La Prospe<\/em> <\/strong>para todo el planeta. Gracias al\u00a0 servidor de esta radio libre burgalesa se podr\u00e1 tener acceso al audio de las charlas y entrevistas en una cobertura que se desarrollar\u00e1 durante todo el transcurso de este Encuentro del Libro Anarquista.<\/p>\n<p style=\"text-align: center;\"><img loading=\"lazy\" class=\"aligncenter size-full wp-image-7359\" title=\"encuentro-del-libro-anarquista-madrid-2011-rectagular\" src=\"http:\/\/diariodevurgos.com\/dvwps\/wp-content\/uploads\/2011\/12\/encuentro-del-libro-anarquista-madrid-2011-rectagular.jpg\" alt=\"encuentro-del-libro-anarquista-madrid-2011-rectagular\" width=\"394\" height=\"197\" srcset=\"https:\/\/diariodevurgos.com\/dvwps\/wp-content\/uploads\/2011\/12\/encuentro-del-libro-anarquista-madrid-2011-rectagular.jpg 550w, https:\/\/diariodevurgos.com\/dvwps\/wp-content\/uploads\/2011\/12\/encuentro-del-libro-anarquista-madrid-2011-rectagular-300x150.jpg 300w\" sizes=\"(max-width: 394px) 100vw, 394px\" \/><\/p>\n","protected":false},"excerpt":{"rendered":"<p>A lo largo de este fin de semana se llevar\u00e1 a cabo la IX edici\u00f3n del Encuentro del Libro Anarquista de Madrid . Radio Ondaexpansiva realizar\u00e1 la cobertura radiof\u00f3nica del evento emitiendo a trav\u00e9s de la red desde la Escuela Popular La Prospe para todo el planeta. Gracias al\u00a0 servidor de esta radio libre burgalesa&#8230;  <a href=\"https:\/\/diariodevurgos.com\/dvwps\/cobertura-radiofonica-del-encuentro-del-libro-anarquista.php\" class=\"more-link\" title=\"Read Cobertura radiof\u00f3nica del Encuentro del Libro Anarquista\">Read more &raquo;<\/a><\/p>\n","protected":false},"author":2,"featured_media":0,"comment_status":"open","ping_status":"closed","sticky":false,"template":"","format":"standard","meta":[],"categories":[23],"tags":[],"_links":{"self":[{"href":"https:\/\/diariodevurgos.com\/dvwps\/wp-json\/wp\/v2\/posts\/7358"}],"collection":[{"href":"https:\/\/diariodevurgos.com\/dvwps\/wp-json\/wp\/v2\/posts"}],"about":[{"href":"https:\/\/diariodevurgos.com\/dvwps\/wp-json\/wp\/v2\/types\/post"}],"author":[{"embeddable":true,"href":"https:\/\/diariodevurgos.com\/dvwps\/wp-json\/wp\/v2\/users\/2"}],"replies":[{"embeddable":true,"href":"https:\/\/diariodevurgos.com\/dvwps\/wp-json\/wp\/v2\/comments?post=7358"}],"version-history":[{"count":1,"href":"https:\/\/diariodevurgos.com\/dvwps\/wp-json\/wp\/v2\/posts\/7358\/revisions"}],"predecessor-version":[{"id":7360,"href":"https:\/\/diariodevurgos.com\/dvwps\/wp-json\/wp\/v2\/posts\/7358\/revisions\/7360"}],"wp:attachment":[{"href":"https:\/\/diariodevurgos.com\/dvwps\/wp-json\/wp\/v2\/media?parent=7358"}],"wp:term":[{"taxonomy":"category","embeddable":true,"href":"https:\/\/diariodevurgos.com\/dvwps\/wp-json\/wp\/v2\/categories?post=7358"},{"taxonomy":"post_tag","embeddable":true,"href":"https:\/\/diariodevurgos.com\/dvwps\/wp-json\/wp\/v2\/tags?post=7358"}],"curies":[{"name":"wp","href":"https:\/\/api.w.org\/{rel}","templated":true}]}}