{"id":7425,"date":"2011-12-24T14:14:36","date_gmt":"2011-12-24T13:14:36","guid":{"rendered":"http:\/\/diariodevurgos.com\/dvwps\/?p=7425"},"modified":"2011-12-26T15:59:42","modified_gmt":"2011-12-26T14:59:42","slug":"ningun-desalojo-sin-respuesta","status":"publish","type":"post","link":"https:\/\/diariodevurgos.com\/dvwps\/ningun-desalojo-sin-respuesta.php","title":{"rendered":"Ningun desalojo sin respuesta"},"content":{"rendered":"<p class=\"lead\">Durante la tarde noche de ayer varios centenares de personas salieron a la calle para manifestarse contra el desalojo del Espacio Recuperado de Gamonal &#8220;La Chispa&#8221; el pasado Viernes 16 por Banca C\u00ed\u00advica-Caja Burgos. M\u00e1s im\u00e1genes y breve cr\u00f3nica de la manifestaci\u00f3n en <a title=\"Asamblea de Gamonal\" href=\"http:\/\/gamonal.tomalosbarrios.net\/2011\/12\/24\/la-solidaridad-toma-las-calles-de-gamonal\/\">Asamblea de Gamonal 15-M.<\/a><br \/>\nLa pr\u00f3xima actividad de la Asamblea de Gamonal ser\u00e1 el pr\u00f3ximo <strong>mi\u00e9rcoles 28<\/strong>:<strong><\/strong><br \/>\n<strong>-20:00 h<\/strong>.: Charla del grupo de vivienda de la Asamblea de Sants de Barcelona en el local de &#8220;Todos Unidos&#8221;, situado en el camino de la casa de la vega de la Barriada Inmaculada.<\/p>\n<p style=\"text-align: center;\"><a rel=\"attachment wp-att-7431\" href=\"http:\/\/diariodevurgos.com\/dvwps\/ningun-desalojo-sin-respuesta.php\/seis-5\"><img loading=\"lazy\" class=\"size-full wp-image-7431  aligncenter\" title=\"seis\" src=\"http:\/\/diariodevurgos.com\/dvwps\/wp-content\/uploads\/2011\/12\/seis.JPG\" alt=\"seis\" width=\"380\" height=\"107\" srcset=\"https:\/\/diariodevurgos.com\/dvwps\/wp-content\/uploads\/2011\/12\/seis.JPG 768w, https:\/\/diariodevurgos.com\/dvwps\/wp-content\/uploads\/2011\/12\/seis-300x85.jpg 300w\" sizes=\"(max-width: 380px) 100vw, 380px\" \/><\/a><br \/>\n<!--more--><\/p>\n<p>A continuaci\u00f3n os dejamos un texto encontrado en el barrio y repartido en la manifestaci\u00f3n:<\/p>\n<p>El pasado viernes 16 de diciembre habeis tapiado un espacio para encuentro con el barrio, cerrado los sue\u00f1os de todxs aquellxs que se implicaron en el, vosotrxs que nos hablais de compartir, de justicia os llena la boca con palabras que jamas conocisteis, quizas haciendo memoria me vienen algunas preguntas para ustedes :\u00a0 es justo obligar a trabajar hasta el agotamiento para seguir consumiendo en sus ridiculos negocios? \u00bf justo es no tener vivienda? \u00bf pagarles una sangrante hipoteca, para que sus bolsillos se llenen especulando, destrozando el planeta, invirtiendo en guerras y armas? \u00bf es justo dejar en la calle a familias por no darles el dinero obtenido con nuestro sudor para su maldita hipoteca?<\/p>\n<p>Conoceis entonces ahora lo justo, \u00bfes justo tener un local de obra social pagado con el dinero de todos sus clientes cerrado durante mas de seis a\u00f1os? creo que esta claro en que bando estais, nuestrxs compa\u00f1erxs apostaron por abrir un espacio libre para debatir, compartir, para lo que entre todxs y todxs quisieramos, mientras vosotrxs a los que no os interesa absolutamenta nada mas que el dinero, lo desalojais y cerrais de nuevo&#8230;<\/p>\n<p>Quizas os de miedo que se os acabe el chollo, perder vuestras estupidas posesiones, pero estamos hartos y hartas ya de aguantar esta sangrante vida sometida a vuestra condena. Se acabo nuestro sometimiento, es el momento de emanciparse, de desobedecer las normas, de mangar a los ladrones, de hacerles su paz un infierno, okupando sus casas, rechazando sus impuestos, peleando en las calles.<\/p>\n<p><strong>Habeis tapiado un espacio, pero estamos en todas partes, en cada barrio alli estaremos, a lxs compas de la chispa:<br \/>\nseguir so\u00f1ando para que la lucha no muera, porque vivir luchando es la mejor manera de vivir.<br \/>\n!Pasion Y Rabia!<br \/>\n! QUE PRENDA LA MECHA&#8230;!<\/strong><\/p>\n<p><strong><a rel=\"attachment wp-att-7426\" href=\"http:\/\/diariodevurgos.com\/dvwps\/ningun-desalojo-sin-respuesta.php\/uno-13\"><img loading=\"lazy\" width=\"580\" height=\"400\" class=\"aligncenter size-full wp-image-7426\" title=\"uno\" src=\"http:\/\/diariodevurgos.com\/dvwps\/wp-content\/uploads\/2011\/12\/uno.JPG\" alt=\"uno\" srcset=\"https:\/\/diariodevurgos.com\/dvwps\/wp-content\/uploads\/2011\/12\/uno.JPG 580w, https:\/\/diariodevurgos.com\/dvwps\/wp-content\/uploads\/2011\/12\/uno-300x206.jpg 300w\" sizes=\"(max-width: 580px) 100vw, 580px\" \/><\/a><\/strong><\/p>\n<p><strong><a rel=\"attachment wp-att-7427\" href=\"http:\/\/diariodevurgos.com\/dvwps\/ningun-desalojo-sin-respuesta.php\/dos-12\"><img loading=\"lazy\" width=\"661\" height=\"400\" class=\"aligncenter size-full wp-image-7427\" title=\"dos\" src=\"http:\/\/diariodevurgos.com\/dvwps\/wp-content\/uploads\/2011\/12\/dos.JPG\" alt=\"dos\" srcset=\"https:\/\/diariodevurgos.com\/dvwps\/wp-content\/uploads\/2011\/12\/dos.JPG 661w, https:\/\/diariodevurgos.com\/dvwps\/wp-content\/uploads\/2011\/12\/dos-300x181.jpg 300w\" sizes=\"(max-width: 661px) 100vw, 661px\" \/><\/a><\/strong><\/p>\n<p><strong><a rel=\"attachment wp-att-7428\" href=\"http:\/\/diariodevurgos.com\/dvwps\/ningun-desalojo-sin-respuesta.php\/tres-9\"><img loading=\"lazy\" width=\"691\" height=\"400\" class=\"aligncenter size-full wp-image-7428\" title=\"tres\" src=\"http:\/\/diariodevurgos.com\/dvwps\/wp-content\/uploads\/2011\/12\/tres.JPG\" alt=\"tres\" srcset=\"https:\/\/diariodevurgos.com\/dvwps\/wp-content\/uploads\/2011\/12\/tres.JPG 691w, https:\/\/diariodevurgos.com\/dvwps\/wp-content\/uploads\/2011\/12\/tres-300x173.jpg 300w\" sizes=\"(max-width: 691px) 100vw, 691px\" \/><\/a><\/strong><\/p>\n<p><strong><a rel=\"attachment wp-att-7430\" href=\"http:\/\/diariodevurgos.com\/dvwps\/ningun-desalojo-sin-respuesta.php\/cinco-10\"><img loading=\"lazy\" width=\"696\" height=\"400\" class=\"aligncenter size-full wp-image-7430\" title=\"cinco\" src=\"http:\/\/diariodevurgos.com\/dvwps\/wp-content\/uploads\/2011\/12\/cinco.JPG\" alt=\"cinco\" srcset=\"https:\/\/diariodevurgos.com\/dvwps\/wp-content\/uploads\/2011\/12\/cinco.JPG 696w, https:\/\/diariodevurgos.com\/dvwps\/wp-content\/uploads\/2011\/12\/cinco-300x172.jpg 300w\" sizes=\"(max-width: 696px) 100vw, 696px\" \/><\/a><br \/>\n<\/strong><\/p>\n","protected":false},"excerpt":{"rendered":"<p>Durante la tarde noche de ayer varios centenares de personas salieron a la calle para manifestarse contra el desalojo del Espacio Recuperado de Gamonal &#8220;La Chispa&#8221; el pasado Viernes 16 por Banca C\u00ed\u00advica-Caja Burgos. M\u00e1s im\u00e1genes y breve cr\u00f3nica de la manifestaci\u00f3n en Asamblea de Gamonal 15-M. La pr\u00f3xima actividad de la Asamblea de Gamonal&#8230;  <a href=\"https:\/\/diariodevurgos.com\/dvwps\/ningun-desalojo-sin-respuesta.php\" class=\"more-link\" title=\"Read Ningun desalojo sin respuesta\">Read more &raquo;<\/a><\/p>\n","protected":false},"author":21,"featured_media":0,"comment_status":"closed","ping_status":"closed","sticky":false,"template":"","format":"standard","meta":[],"categories":[51,55,27],"tags":[],"_links":{"self":[{"href":"https:\/\/diariodevurgos.com\/dvwps\/wp-json\/wp\/v2\/posts\/7425"}],"collection":[{"href":"https:\/\/diariodevurgos.com\/dvwps\/wp-json\/wp\/v2\/posts"}],"about":[{"href":"https:\/\/diariodevurgos.com\/dvwps\/wp-json\/wp\/v2\/types\/post"}],"author":[{"embeddable":true,"href":"https:\/\/diariodevurgos.com\/dvwps\/wp-json\/wp\/v2\/users\/21"}],"replies":[{"embeddable":true,"href":"https:\/\/diariodevurgos.com\/dvwps\/wp-json\/wp\/v2\/comments?post=7425"}],"version-history":[{"count":11,"href":"https:\/\/diariodevurgos.com\/dvwps\/wp-json\/wp\/v2\/posts\/7425\/revisions"}],"predecessor-version":[{"id":7442,"href":"https:\/\/diariodevurgos.com\/dvwps\/wp-json\/wp\/v2\/posts\/7425\/revisions\/7442"}],"wp:attachment":[{"href":"https:\/\/diariodevurgos.com\/dvwps\/wp-json\/wp\/v2\/media?parent=7425"}],"wp:term":[{"taxonomy":"category","embeddable":true,"href":"https:\/\/diariodevurgos.com\/dvwps\/wp-json\/wp\/v2\/categories?post=7425"},{"taxonomy":"post_tag","embeddable":true,"href":"https:\/\/diariodevurgos.com\/dvwps\/wp-json\/wp\/v2\/tags?post=7425"}],"curies":[{"name":"wp","href":"https:\/\/api.w.org\/{rel}","templated":true}]}}