{"id":7529,"date":"2012-01-15T13:38:45","date_gmt":"2012-01-15T12:38:45","guid":{"rendered":"http:\/\/diariodevurgos.com\/dvwps\/?p=7529"},"modified":"2012-01-15T14:16:23","modified_gmt":"2012-01-15T13:16:23","slug":"entrevista-con-abdennur-prado-en-radio-onda-expansiva","status":"publish","type":"post","link":"https:\/\/diariodevurgos.com\/dvwps\/entrevista-con-abdennur-prado-en-radio-onda-expansiva.php","title":{"rendered":"Entrevista con Abdennur Prado en Radio Onda Expansiva"},"content":{"rendered":"<p class=\"lead\"><img loading=\"lazy\" class=\"alignright size-full wp-image-7530\" title=\"abdennur_3\" src=\"http:\/\/diariodevurgos.com\/dvwps\/wp-content\/uploads\/2012\/01\/abdennur_3.jpg\" alt=\"abdennur_3\" width=\"170\" height=\"114\" srcset=\"https:\/\/diariodevurgos.com\/dvwps\/wp-content\/uploads\/2012\/01\/abdennur_3.jpg 422w, https:\/\/diariodevurgos.com\/dvwps\/wp-content\/uploads\/2012\/01\/abdennur_3-300x201.jpg 300w\" sizes=\"(max-width: 170px) 100vw, 170px\" \/>La radio libre burgalesa comienza un nuevo a\u00f1o de emisiones a trav\u00e9s de la red <a title=\"Entrevista con Abdennur Prado en Radio Onda Expansiva\" href=\"http:\/\/ondaexpansiva.net\/?p=1162\">con una entrevista al escritor Addenuur Prado<\/a><strong>,<\/strong> autor del libro de controvertido t\u00ed\u00adtulo<em> <a title=\"El islam como anarquismo m\u00ed\u00adstico\" href=\"http:\/\/www.viruseditorial.net\/index.php\">El Islam como anarquismo m\u00ed\u00adstico<\/a>.<\/em> Mediante este podcast podremos conocer las claves de un libro en el que, seg\u00fan palabras del propio autor,\u00a0 se ponen en relaci\u00f3n algunas de las fuentes cl\u00e1sicas del Islam con la l\u00f3gica antiautoriataria propia de la tradici\u00f3n libertaria.<!--more--><\/p>\n","protected":false},"excerpt":{"rendered":"<p>La radio libre burgalesa comienza un nuevo a\u00f1o de emisiones a trav\u00e9s de la red con una entrevista al escritor Addenuur Prado, autor del libro de controvertido t\u00ed\u00adtulo El Islam como anarquismo m\u00ed\u00adstico. Mediante este podcast podremos conocer las claves de un libro en el que, seg\u00fan palabras del propio autor,\u00a0 se ponen en relaci\u00f3n&#8230;  <a href=\"https:\/\/diariodevurgos.com\/dvwps\/entrevista-con-abdennur-prado-en-radio-onda-expansiva.php\" class=\"more-link\" title=\"Read Entrevista con Abdennur Prado en Radio Onda Expansiva\">Read more &raquo;<\/a><\/p>\n","protected":false},"author":2,"featured_media":0,"comment_status":"open","ping_status":"closed","sticky":false,"template":"","format":"standard","meta":[],"categories":[30,8,23],"tags":[],"_links":{"self":[{"href":"https:\/\/diariodevurgos.com\/dvwps\/wp-json\/wp\/v2\/posts\/7529"}],"collection":[{"href":"https:\/\/diariodevurgos.com\/dvwps\/wp-json\/wp\/v2\/posts"}],"about":[{"href":"https:\/\/diariodevurgos.com\/dvwps\/wp-json\/wp\/v2\/types\/post"}],"author":[{"embeddable":true,"href":"https:\/\/diariodevurgos.com\/dvwps\/wp-json\/wp\/v2\/users\/2"}],"replies":[{"embeddable":true,"href":"https:\/\/diariodevurgos.com\/dvwps\/wp-json\/wp\/v2\/comments?post=7529"}],"version-history":[{"count":7,"href":"https:\/\/diariodevurgos.com\/dvwps\/wp-json\/wp\/v2\/posts\/7529\/revisions"}],"predecessor-version":[{"id":7543,"href":"https:\/\/diariodevurgos.com\/dvwps\/wp-json\/wp\/v2\/posts\/7529\/revisions\/7543"}],"wp:attachment":[{"href":"https:\/\/diariodevurgos.com\/dvwps\/wp-json\/wp\/v2\/media?parent=7529"}],"wp:term":[{"taxonomy":"category","embeddable":true,"href":"https:\/\/diariodevurgos.com\/dvwps\/wp-json\/wp\/v2\/categories?post=7529"},{"taxonomy":"post_tag","embeddable":true,"href":"https:\/\/diariodevurgos.com\/dvwps\/wp-json\/wp\/v2\/tags?post=7529"}],"curies":[{"name":"wp","href":"https:\/\/api.w.org\/{rel}","templated":true}]}}