{"id":756,"date":"2007-09-19T21:57:54","date_gmt":"2007-09-19T20:57:54","guid":{"rendered":"http:\/\/diariodevurgos.com\/dvwps\/cronica-de-la-concentracion-en-rechazo-de-las-vias.php"},"modified":"2007-09-20T08:06:37","modified_gmt":"2007-09-20T07:06:37","slug":"cronica-de-la-concentracion-en-rechazo-de-las-vias","status":"publish","type":"post","link":"https:\/\/diariodevurgos.com\/dvwps\/cronica-de-la-concentracion-en-rechazo-de-las-vias.php","title":{"rendered":"Cr\u00f3nica de la concentraci\u00f3n en rechazo de las v\u00ed\u00adas"},"content":{"rendered":"<p class=\"lead\"><img align=\"right\" alt=\"LazoNegro\" title=\"LazoNegro\" id=\"image737\" src=\"http:\/\/diariodevurgos.com\/dvwps\/wp-content\/uploads\/2007\/09\/lazo-negro.miniatura.jpg\" \/>Una protesta en rechazo del paso de las v\u00ed\u00adas por la ciudad y en la repulsa de las \u00faltimas muertes hab\u00ed\u00ada sido convocada para el miercoles 19 de septiembre. A pesar de las maniobras disuatorias de la prensa local(Diario del Cacique a la cabeza), cientos de personas se han concentrado desde las 20.00 horas en frente del lugar donde fueron arrollados los dos chavales.<\/p>\n<p><strong>Actualizaci\u00f3n:<\/strong> En palabra de mac, teneneis <a title=\"palabraDeMAc\" href=\"http:\/\/palabrademac.blogspot.com\/2007\/09\/las-casillas.html\">un video de la concentraci\u00f3n<\/a>.<\/p>\n<p><!--more--><\/p>\n<p>La iniciativa daba comienzo con una emotiva lectura de un escrito por parte de algunos de los familiares de los dos chavales, quienes entre aplausos de animo, han repudiado los tr\u00e1gicos sucesos, adem\u00e1s de desacreditar toda la monta\u00f1a de especulaciones que desde algunos sectores de la ciudad (oligarqu\u00ed\u00ada y voceros oficiales) se hab\u00ed\u00ada vertido sobre la muerte de los dos j\u00f3venes.<\/p>\n<p>Inmediatamente despues, algunos chavales han decido saltar la tap\u00ed\u00ada (recientemente construida a toda prisa) que separaba el lugar de la concentraci\u00f3n de las v\u00ed\u00adas para, a continuaci\u00f3n, dar comienzo a una breve manifestaci\u00f3n tras la panacarta <strong>\u00a1V\u00ed\u008dAS FUERA, RENFE ASESINA!<\/strong> trascurriendo por los propios railes hasta el cruce con la calle Madird donde, tras un corte en las v\u00ed\u00adas, se ha regresado en manifestaci\u00f3n por la carretera hasta una de las zonas iniciales donde se hab\u00ed\u00ada partido, reencontrandose de esta manera con los otros manifestantas que permanecieron en el lugar inicial. El tr\u00e1fico de trenes no se ha reanudado hasta varias horas despues.<\/p>\n<p>Cientos de personas han cortado el t\u00e1fico ferroviario en se\u00f1al de protesta durante casi m\u00e1s de dos horas a pesar del amplio despliegue policial, en el que, durante algunos momentos ha demostrado toda la intenci\u00f3n de cargar indiscriminadamente contra los all\u00ed\u00ad presentes, llegando a sacar a relucir escudos, porras y otro material antidisturbios del que suelen hacer gala. Tras unos momentos de tensi\u00f3n, la gente ha exigido la previa retirada de la polic\u00ed\u00ada para dar finalizada la concentraci\u00f3n.<\/p>\n<p>Consignas contra la RENFE, la manipulaci\u00f3n de los medios de comunicaci\u00f3n, el Ayuntamiento, y la propia Subdelegaci\u00f3n del Gobierno, representada a pie de calle por el servil Lu\u00ed\u00ads Tudanca, han acompa\u00f1ado el trascurso de la iniciativa.<\/p>\n<p>La noche del 19 de septiembre de 2007 ha dejado un pregunta en el aire&#8230; <strong>\u00bfCuantas muertes m\u00e1s tendremos que aguantar?<\/strong><\/p>\n","protected":false},"excerpt":{"rendered":"<p>Una protesta en rechazo del paso de las v\u00ed\u00adas por la ciudad y en la repulsa de las \u00faltimas muertes hab\u00ed\u00ada sido convocada para el miercoles 19 de septiembre. A pesar de las maniobras disuatorias de la prensa local(Diario del Cacique a la cabeza), cientos de personas se han concentrado desde las 20.00 horas en&#8230;  <a href=\"https:\/\/diariodevurgos.com\/dvwps\/cronica-de-la-concentracion-en-rechazo-de-las-vias.php\" class=\"more-link\" title=\"Read Cr\u00f3nica de la concentraci\u00f3n en rechazo de las v\u00ed\u00adas\">Read more &raquo;<\/a><\/p>\n","protected":false},"author":8,"featured_media":0,"comment_status":"open","ping_status":"open","sticky":false,"template":"","format":"standard","meta":[],"categories":[2,14],"tags":[],"_links":{"self":[{"href":"https:\/\/diariodevurgos.com\/dvwps\/wp-json\/wp\/v2\/posts\/756"}],"collection":[{"href":"https:\/\/diariodevurgos.com\/dvwps\/wp-json\/wp\/v2\/posts"}],"about":[{"href":"https:\/\/diariodevurgos.com\/dvwps\/wp-json\/wp\/v2\/types\/post"}],"author":[{"embeddable":true,"href":"https:\/\/diariodevurgos.com\/dvwps\/wp-json\/wp\/v2\/users\/8"}],"replies":[{"embeddable":true,"href":"https:\/\/diariodevurgos.com\/dvwps\/wp-json\/wp\/v2\/comments?post=756"}],"version-history":[{"count":0,"href":"https:\/\/diariodevurgos.com\/dvwps\/wp-json\/wp\/v2\/posts\/756\/revisions"}],"wp:attachment":[{"href":"https:\/\/diariodevurgos.com\/dvwps\/wp-json\/wp\/v2\/media?parent=756"}],"wp:term":[{"taxonomy":"category","embeddable":true,"href":"https:\/\/diariodevurgos.com\/dvwps\/wp-json\/wp\/v2\/categories?post=756"},{"taxonomy":"post_tag","embeddable":true,"href":"https:\/\/diariodevurgos.com\/dvwps\/wp-json\/wp\/v2\/tags?post=756"}],"curies":[{"name":"wp","href":"https:\/\/api.w.org\/{rel}","templated":true}]}}