{"id":759,"date":"2007-09-20T22:27:29","date_gmt":"2007-09-20T21:27:29","guid":{"rendered":"http:\/\/diariodevurgos.com\/dvwps\/la-noche-en-negromadrid.php"},"modified":"2007-09-20T22:27:29","modified_gmt":"2007-09-20T21:27:29","slug":"la-noche-en-negromadrid","status":"publish","type":"post","link":"https:\/\/diariodevurgos.com\/dvwps\/la-noche-en-negromadrid.php","title":{"rendered":"La Noche en Negro&#8230;(Madrid)"},"content":{"rendered":"<p class=\"lead\"><img id=\"image684\" title=\"negra.jpg\" alt=\"negra.jpg\" src=\"http:\/\/diariodevurgos.com\/dvwps\/wp-content\/uploads\/2007\/08\/negra.miniatura.jpg\" align=\"right\" \/>&#8220;Volvemos a invitar a todo aquel que quiera descubrir Madrid con otros ojos, desde la mirada in\u00e9dita de la nocturnidad y sus sombras, a que salga a la calle&#8221;\u009d<br \/>\n<strong>Alberto Ru\u00ed\u00adz-Gallard\u00f3n<\/strong><\/p>\n<p><strong>\u00a1\u00a1\u00a1\u00a1Demosle las Buenas Noches a los pol\u00ed\u00adticos y a la clase dirigente!!!.<\/strong><\/p>\n<p><!--more-->\u00a0<\/p>\n<p>El edificio Espa\u00f1a de Madrid, propiedad del Banco de Santander&#8230; vac\u00ed\u00ado. S\u00f3lo en la Gran V\u00ed\u00ada hay diez grandes edificios&#8230; sin inquilinos. Listados de tel\u00e9fonos de supuestos pisos en alquiler&#8230; inexistentes. Madrid apesta a neftalina y lujo.<\/p>\n<p>El edificio Espa\u00f1a de Madrid, propiedad del Banco de Santander&#8230; vac\u00ed\u00ado. S\u00f3lo en la Gran V\u00ed\u00ada hay diez grandes edificios&#8230; sin inquilinos. Listados de tel\u00e9fonos de supuestos pisos en alquiler&#8230; inexistentes. Madrid apesta a neftalina y lujo. Un a\u00f1o m\u00e1s, la Comunidad de Madrid vuelve a celebrar la llamada &#8220;Noche en Blanco&#8221;\u009d. Durante esa noche, miles de vecinos saldr\u00e1n a la calle y vivir\u00e1n el espejismo de una sociedad que dice ser moderna y abierta, pero que reprime manifestaciones con violencia, genera una precariedad a la que no desea poner soluci\u00f3n, nos condena a la progresiva desaparici\u00f3n de los barrios y la cultura popular, genera centros urbanos que son aut\u00e9nticos centros comerciales. Ellos: demasiados intereses; Nosotros: demasiados enemigos. Una ciudad que obliga al desarraigo, a la periferia, al paro, a la delincuencia. Jodidos y asfixiados en metros atestados, controlados por guardias privados de metro como cuerpos parapoliciales, tomando la pasma las calles para perseguir y reprimir a chavales que beben en la calle. Un estado de sitio para mantener la ilusi\u00f3n de la ciudad abierta al turismo, los toros, la Movida y el Madrid de los Austrias. Pero este a\u00f1o hay una sorpresa. La gente, los vecinos, van a tomar la calle para visibilizar que este modelo de ciudad va a contar con oposici\u00f3n.<\/p>\n<p>&#8220;En definitiva, el 22 de septiembre, todos los ciudadanos podremos se como el diablo cojuelo, que levantaba tejados para ense\u00f1arnos la noche de Madrid&#8221;\u009d<br \/>\nAlberto Ru\u00ed\u00adz-Gallard\u00f3n<\/p>\n<p>Si, ense\u00f1aremos la noche de Madrid, pero para mostrar nuestra ira. Por eso nuestra noche, la mejor de todas, no ser\u00e1 blanca, ser\u00e1 negra. Ser\u00e1 La Noche en Negro. La calle es nuestra. Hagamos que sucedan cosas.<\/p>\n<p>\u00a0<\/p>\n<p><strong>Programa La Noche en Negro:<\/strong><\/p>\n<p><strong>23 horas:<\/strong> Plaza de Callao. Concentraci\u00f3n contra la especulaci\u00f3n y por el derecho a una vivienda digna para <a href=\"mailto:tod@s\">tod@s<\/a>.<\/p>\n<p><strong>24 horas:<\/strong> Cine Capitol (Gran Via, 41). A esa hora se ha programado un acto llamado &#8220;Be a Star!&#8221;\u009d (Se una estrella) que se ha anunciado de la siguiente manera: &#8220;\u00bfAlguna vez te has preguntado qu\u00e9 se siente al salir de la limusina y cruzar delante de los flashes y los fans, la alfombra roja. Ven con tus amigos a la Gran V\u00ed\u00ada: Be a Star!&#8221;\u009d<br \/>\nAcci\u00f3n: &#8220;Se acab\u00f3 el espect\u00e1culo&#8221;\u009d. Contra la SGAE y las mafias gestoras de los derechos de autor, y en solidaridad con Alasbarricadas.org. Alasbarriacadas.org ha sido imputada y juzgada por un delito de amenazas por el cantante Ramonc\u00ed\u00adn.<\/p>\n<p><strong>1 de la madrugada:<\/strong> bajamos en manifestaci\u00f3n hasta la Puerta del Sol. &#8220;\u00a1Basta ya de represi\u00f3n! Contra los montajes policiales, la violencia policial y por la libertad de expresi\u00f3n.<\/p>\n<p><a href=\"http:\/\/www.klinamen.org\/\">http:\/\/www.klinamen.org\/<\/a><\/p>\n","protected":false},"excerpt":{"rendered":"<p>&#8220;Volvemos a invitar a todo aquel que quiera descubrir Madrid con otros ojos, desde la mirada in\u00e9dita de la nocturnidad y sus sombras, a que salga a la calle&#8221;\u009d Alberto Ru\u00ed\u00adz-Gallard\u00f3n \u00a1\u00a1\u00a1\u00a1Demosle las Buenas Noches a los pol\u00ed\u00adticos y a la clase dirigente!!!.<\/p>\n","protected":false},"author":8,"featured_media":0,"comment_status":"open","ping_status":"open","sticky":false,"template":"","format":"standard","meta":[],"categories":[14],"tags":[],"_links":{"self":[{"href":"https:\/\/diariodevurgos.com\/dvwps\/wp-json\/wp\/v2\/posts\/759"}],"collection":[{"href":"https:\/\/diariodevurgos.com\/dvwps\/wp-json\/wp\/v2\/posts"}],"about":[{"href":"https:\/\/diariodevurgos.com\/dvwps\/wp-json\/wp\/v2\/types\/post"}],"author":[{"embeddable":true,"href":"https:\/\/diariodevurgos.com\/dvwps\/wp-json\/wp\/v2\/users\/8"}],"replies":[{"embeddable":true,"href":"https:\/\/diariodevurgos.com\/dvwps\/wp-json\/wp\/v2\/comments?post=759"}],"version-history":[{"count":0,"href":"https:\/\/diariodevurgos.com\/dvwps\/wp-json\/wp\/v2\/posts\/759\/revisions"}],"wp:attachment":[{"href":"https:\/\/diariodevurgos.com\/dvwps\/wp-json\/wp\/v2\/media?parent=759"}],"wp:term":[{"taxonomy":"category","embeddable":true,"href":"https:\/\/diariodevurgos.com\/dvwps\/wp-json\/wp\/v2\/categories?post=759"},{"taxonomy":"post_tag","embeddable":true,"href":"https:\/\/diariodevurgos.com\/dvwps\/wp-json\/wp\/v2\/tags?post=759"}],"curies":[{"name":"wp","href":"https:\/\/api.w.org\/{rel}","templated":true}]}}