{"id":7692,"date":"2012-02-07T02:47:12","date_gmt":"2012-02-07T01:47:12","guid":{"rendered":"http:\/\/diariodevurgos.com\/dvwps\/?p=7692"},"modified":"2012-03-15T13:49:04","modified_gmt":"2012-03-15T12:49:04","slug":"los-origenes-del-anarquismo-iberico-y-el-caso-de-la-mano-negra","status":"publish","type":"post","link":"https:\/\/diariodevurgos.com\/dvwps\/los-origenes-del-anarquismo-iberico-y-el-caso-de-la-mano-negra.php","title":{"rendered":"Los or\u00ed\u00adgenes del anarquismo ib\u00e9rico y el caso de La Mano Negra"},"content":{"rendered":"<p class=\"lead\">El viernes<strong> 10 de febrero<\/strong> tendr\u00e1 lugar una nueva sesi\u00f3n del taller sobre la historia de los movimientos libertarios a partir de las <strong>18.30 horas<\/strong> en el <strong>CSA Zaragalla<\/strong>. Esta vez se abordar\u00e1 el apasionante tema de los or\u00ed\u00adgenes del anarquismo en nuestro pa\u00ed\u00ads y c\u00f3mo se organizaron los primeros n\u00facleos libertarios. La segunda parte del taller tratar\u00e1 de arrojar luz sobre el denominado caso de <a title=\"La Mano Negra\" href=\"http:\/\/es.wikipedia.org\/wiki\/La_Mano_Negra\">La Mano Negra, <\/a>una supuesta asociaci\u00f3n secreta que operaba en Andaluc\u00ed\u00ada a finales del siglo XIX y sobre la que muchos historiadores sospechan que fuera en realidad una invenci\u00f3n policial de la \u00e9poca.<\/p>\n<p style=\"text-align: center;\"><img loading=\"lazy\" class=\"aligncenter size-medium wp-image-7693\" title=\"mano-negra\" src=\"http:\/\/diariodevurgos.com\/dvwps\/wp-content\/uploads\/2012\/02\/mano-negra-300x216.jpg\" alt=\"mano-negra\" width=\"300\" height=\"216\" srcset=\"https:\/\/diariodevurgos.com\/dvwps\/wp-content\/uploads\/2012\/02\/mano-negra-300x216.jpg 300w, https:\/\/diariodevurgos.com\/dvwps\/wp-content\/uploads\/2012\/02\/mano-negra-1024x739.jpg 1024w, https:\/\/diariodevurgos.com\/dvwps\/wp-content\/uploads\/2012\/02\/mano-negra.jpg 2048w\" sizes=\"(max-width: 300px) 100vw, 300px\" \/><\/p>\n","protected":false},"excerpt":{"rendered":"<p>El viernes 10 de febrero tendr\u00e1 lugar una nueva sesi\u00f3n del taller sobre la historia de los movimientos libertarios a partir de las 18.30 horas en el CSA Zaragalla. Esta vez se abordar\u00e1 el apasionante tema de los or\u00ed\u00adgenes del anarquismo en nuestro pa\u00ed\u00ads y c\u00f3mo se organizaron los primeros n\u00facleos libertarios. La segunda parte&#8230;  <a href=\"https:\/\/diariodevurgos.com\/dvwps\/los-origenes-del-anarquismo-iberico-y-el-caso-de-la-mano-negra.php\" class=\"more-link\" title=\"Read Los or\u00ed\u00adgenes del anarquismo ib\u00e9rico y el caso de La Mano Negra\">Read more &raquo;<\/a><\/p>\n","protected":false},"author":2,"featured_media":0,"comment_status":"open","ping_status":"closed","sticky":false,"template":"","format":"standard","meta":[],"categories":[2,6,59,53],"tags":[],"_links":{"self":[{"href":"https:\/\/diariodevurgos.com\/dvwps\/wp-json\/wp\/v2\/posts\/7692"}],"collection":[{"href":"https:\/\/diariodevurgos.com\/dvwps\/wp-json\/wp\/v2\/posts"}],"about":[{"href":"https:\/\/diariodevurgos.com\/dvwps\/wp-json\/wp\/v2\/types\/post"}],"author":[{"embeddable":true,"href":"https:\/\/diariodevurgos.com\/dvwps\/wp-json\/wp\/v2\/users\/2"}],"replies":[{"embeddable":true,"href":"https:\/\/diariodevurgos.com\/dvwps\/wp-json\/wp\/v2\/comments?post=7692"}],"version-history":[{"count":2,"href":"https:\/\/diariodevurgos.com\/dvwps\/wp-json\/wp\/v2\/posts\/7692\/revisions"}],"predecessor-version":[{"id":7920,"href":"https:\/\/diariodevurgos.com\/dvwps\/wp-json\/wp\/v2\/posts\/7692\/revisions\/7920"}],"wp:attachment":[{"href":"https:\/\/diariodevurgos.com\/dvwps\/wp-json\/wp\/v2\/media?parent=7692"}],"wp:term":[{"taxonomy":"category","embeddable":true,"href":"https:\/\/diariodevurgos.com\/dvwps\/wp-json\/wp\/v2\/categories?post=7692"},{"taxonomy":"post_tag","embeddable":true,"href":"https:\/\/diariodevurgos.com\/dvwps\/wp-json\/wp\/v2\/tags?post=7692"}],"curies":[{"name":"wp","href":"https:\/\/api.w.org\/{rel}","templated":true}]}}