{"id":7742,"date":"2012-02-17T09:59:56","date_gmt":"2012-02-17T08:59:56","guid":{"rendered":"http:\/\/diariodevurgos.com\/dvwps\/?p=7742"},"modified":"2012-02-17T09:59:56","modified_gmt":"2012-02-17T08:59:56","slug":"notas-reformas-y-puede-que-protestas","status":"publish","type":"post","link":"https:\/\/diariodevurgos.com\/dvwps\/notas-reformas-y-puede-que-protestas.php","title":{"rendered":"Notas, reformas y puede que protestas"},"content":{"rendered":"<p class=\"lead\"><img loading=\"lazy\" class=\"alignright size-thumbnail wp-image-76\" title=\"Algo\" src=\"http:\/\/diariodevurgos.com\/dvwps\/wp-content\/uploads\/2007\/01\/banksy2.miniatura.jpg\" alt=\"Algo\" width=\"96\" height=\"94\" \/>Hoy nos hemos levantado con una vuelta de tuerca m\u00e1s, un apret\u00f3n que ya casi ni se nota, ayer fue la reforma y hoy es la bajada de nota de la deuda de nuestra comunidad, Castilla y Le\u00f3n, que no ha sido la \u00fanica.<br \/>\n<!--more--><br \/>\nSe que para muchos que bajen la nota de la deuda de nuestra comunidad es algo anecd\u00f3tico que parece no tener consecuencias sobre sus vidas, pero os equivoc\u00e1is. Que la deuda de las comunidades aut\u00f3nomas empiece a parecerse a la deuda griega es preocupante y mas cuando el modelo de crecimiento del pa\u00ed\u00ads donde nos ha tocado vivir est\u00e1 basado en el endeudamiento. Adem\u00e1s cosas tan importantes como la sanidad y la educaci\u00f3n son competencias de las comunidades, ninguno de nuestros abuelos hubiese podido imaginar desigualdades regionales dependiendo de los tipos de recortes y gesti\u00f3n, ning\u00fan mayor hubiese podido imaginar que mientras en Catalu\u00f1a se cierran hospitales, en Arag\u00f3n se disfruta de ellos y en Valencia se cierran colegios.<\/p>\n<p>Mucha m\u00e1s implicaci\u00f3n directa en nuestras vidas parece que tiene esa nueva reforma laboral que anda caldeando un ambiente sindical amarillento, un ambiente que quiere convertirse en huelga general pero que lo tiene dif\u00ed\u00adcil con una sociedad llena de parados y muchos trabajadores, ya sea por miedo o por falta de neuronas,\u00a0 aficionados a &#8220;esquirolear&#8221;\u009d. Un panorama dantesco, si el &#8220;dialogo social&#8221;\u009d ha sido siempre una estafa medi\u00e1tica usada como escusa, ahora no llega ni a eso. El domingo 19 veremos en que niveles de paz social andamos.<\/p>\n<p>Si amigos, la cosa se pone fea y peor se va a poner. pero de momento no se ha puesto lo fea que deber\u00ed\u00ada ponerse. Mientras estos d\u00ed\u00adas ve\u00ed\u00adamos por la tele como los pol\u00ed\u00adticos Griegos condenaban a su pa\u00ed\u00ads felices y contentos aprobando recortes, en la tele no salia un reflejo de lo que siente el pueblo. Los medios se han dedicado a poner fotos de edificios emblem\u00e1ticos ardiendo como si las protestas fuesen fruto de grupos de locos sin transmitir realmente lo que se palpa en la calle, pero quiz\u00e1s <a title=\"internet\" href=\" http:\/\/puntsdevista.wordpress.com\/2011\/07\/06\/la-lucha-de-grecia-contra-el-saqueo-en-unas-imagenes-de-impacto\/\">internet te pueda acercar un poco mejor a ello<\/a>.<\/p>\n<p>Tarde o temprano a mucha gente le tocar\u00e1 salir a la calle, el problema es cuando y con que consecuencia. Aqu\u00ed\u00ad, en Burgos, el \u00fanico cuerpo p\u00fablico que ha aumentado los \u00faltimos a\u00f1os ha sido el dedicado a reprimir y controlar.<\/p>\n","protected":false},"excerpt":{"rendered":"<p>Hoy nos hemos levantado con una vuelta de tuerca m\u00e1s, un apret\u00f3n que ya casi ni se nota, ayer fue la reforma y hoy es la bajada de nota de la deuda de nuestra comunidad, Castilla y Le\u00f3n, que no ha sido la \u00fanica.<\/p>\n","protected":false},"author":1,"featured_media":0,"comment_status":"open","ping_status":"closed","sticky":false,"template":"","format":"standard","meta":[],"categories":[2],"tags":[],"_links":{"self":[{"href":"https:\/\/diariodevurgos.com\/dvwps\/wp-json\/wp\/v2\/posts\/7742"}],"collection":[{"href":"https:\/\/diariodevurgos.com\/dvwps\/wp-json\/wp\/v2\/posts"}],"about":[{"href":"https:\/\/diariodevurgos.com\/dvwps\/wp-json\/wp\/v2\/types\/post"}],"author":[{"embeddable":true,"href":"https:\/\/diariodevurgos.com\/dvwps\/wp-json\/wp\/v2\/users\/1"}],"replies":[{"embeddable":true,"href":"https:\/\/diariodevurgos.com\/dvwps\/wp-json\/wp\/v2\/comments?post=7742"}],"version-history":[{"count":2,"href":"https:\/\/diariodevurgos.com\/dvwps\/wp-json\/wp\/v2\/posts\/7742\/revisions"}],"predecessor-version":[{"id":7744,"href":"https:\/\/diariodevurgos.com\/dvwps\/wp-json\/wp\/v2\/posts\/7742\/revisions\/7744"}],"wp:attachment":[{"href":"https:\/\/diariodevurgos.com\/dvwps\/wp-json\/wp\/v2\/media?parent=7742"}],"wp:term":[{"taxonomy":"category","embeddable":true,"href":"https:\/\/diariodevurgos.com\/dvwps\/wp-json\/wp\/v2\/categories?post=7742"},{"taxonomy":"post_tag","embeddable":true,"href":"https:\/\/diariodevurgos.com\/dvwps\/wp-json\/wp\/v2\/tags?post=7742"}],"curies":[{"name":"wp","href":"https:\/\/api.w.org\/{rel}","templated":true}]}}