{"id":776,"date":"2007-09-26T21:46:07","date_gmt":"2007-09-26T20:46:07","guid":{"rendered":"http:\/\/diariodevurgos.com\/dvwps\/los-abertxandals-ya-estan-aqui.php"},"modified":"2008-01-03T09:43:05","modified_gmt":"2008-01-03T08:43:05","slug":"los-abertxandals-ya-estan-aqui","status":"publish","type":"post","link":"https:\/\/diariodevurgos.com\/dvwps\/los-abertxandals-ya-estan-aqui.php","title":{"rendered":"Los abertxandals ya est\u00e1n aqu\u00ed\u00ad&#8230;"},"content":{"rendered":"<p class=\"lead\">Han sido avistados en el Barrio de <strong>Gamonal<\/strong> un numero indeterminado de individuos que portaban camisteas como la bajo reprotada con el texto: <strong>&#8220;Abertxandals: El esp\u00ed\u00adritu de Gamonal contin\u00faa latente&#8230;.&#8221;<\/strong><\/p>\n<div style=\"text-align: center\"><img id=\"image777\" alt=\"abertxandals\" src=\"http:\/\/diariodevurgos.com\/dvwps\/wp-content\/uploads\/2007\/09\/chandaleros.jpg\" \/><\/div>\n<p><!--more--><\/p>\n<p>Estos chavales se toman las cosas con gracia, como no podr\u00ed\u00ada ser de otra manera, pero  \u00bfser\u00e1 la camiseta una prueba feaciente de las conexiones<em> Gamonal-Kale Borroka<\/em> que tando propagaran los voceros oficiales despues de la noche del 18 de agosto de 2005 a petici\u00f3n de un concejal del consitorio?<\/p>\n<p>\u00bfSer\u00e1 una nueva estrategia tendente a la confusi\u00f3n de los <em>jovenes extremistas  claramente identificados<\/em> de los que habara la Subedelegaci\u00f3n del Gobierno en  voca de su titular burgalesa?<\/p>\n<p>\u00bfSer\u00e1 un intento de imponer el euskera como lengua oficial en la conocida <em>Villa-Ol\u00ed\u00admpica?<\/em><\/p>\n<p>Lo que no nos hace ninguna gracia es que, despues de m\u00e1s de dos a\u00f1os, nadie haya desmentido publicamente  la hipotesis <em>kale-borroka <\/em>que difundiera a toda prisa el Ayuntamiento de Burgos, m\u00e1s a\u00fan, que continuamente se este insinuando que los altercados los provocaron <em>talibanes<\/em>, digo radicales, venidos de fuera&#8230;.Basta simplemente echar un vistazo a los encausdos, gentes del barrio detenidas arbitrariamente, cuyo lugar de residencia no se ubica en geograf\u00ed\u00adas &#8220;sospechosas&#8221;, ni su perfil &#8220;ideol\u00f3gico&#8221; se ajusta a lo deseado por un consitorio que, testarudamente, se ostina en cosntituirse como acusaci\u00f3n particular solicitando hasta 53 a\u00f1os de c\u00e1rcel para los 8 procesados de la noche.<\/p>\n<p>Asi estan las cosas,<br \/>\nMaquiavelo necesita sus mostruos para distraer la atenci\u00f3n de sus gobernados&#8230;<br \/>\n&#8230;pero ya se sabe, los abertxandals suelen ser ingobernables.<\/p>\n","protected":false},"excerpt":{"rendered":"<p>Han sido avistados en el Barrio de Gamonal un numero indeterminado de individuos que portaban camisteas como la bajo reprotada con el texto: &#8220;Abertxandals: El esp\u00ed\u00adritu de Gamonal contin\u00faa latente&#8230;.&#8221;<\/p>\n","protected":false},"author":8,"featured_media":0,"comment_status":"open","ping_status":"open","sticky":false,"template":"","format":"standard","meta":[],"categories":[2,27,9],"tags":[],"_links":{"self":[{"href":"https:\/\/diariodevurgos.com\/dvwps\/wp-json\/wp\/v2\/posts\/776"}],"collection":[{"href":"https:\/\/diariodevurgos.com\/dvwps\/wp-json\/wp\/v2\/posts"}],"about":[{"href":"https:\/\/diariodevurgos.com\/dvwps\/wp-json\/wp\/v2\/types\/post"}],"author":[{"embeddable":true,"href":"https:\/\/diariodevurgos.com\/dvwps\/wp-json\/wp\/v2\/users\/8"}],"replies":[{"embeddable":true,"href":"https:\/\/diariodevurgos.com\/dvwps\/wp-json\/wp\/v2\/comments?post=776"}],"version-history":[{"count":1,"href":"https:\/\/diariodevurgos.com\/dvwps\/wp-json\/wp\/v2\/posts\/776\/revisions"}],"predecessor-version":[{"id":8898,"href":"https:\/\/diariodevurgos.com\/dvwps\/wp-json\/wp\/v2\/posts\/776\/revisions\/8898"}],"wp:attachment":[{"href":"https:\/\/diariodevurgos.com\/dvwps\/wp-json\/wp\/v2\/media?parent=776"}],"wp:term":[{"taxonomy":"category","embeddable":true,"href":"https:\/\/diariodevurgos.com\/dvwps\/wp-json\/wp\/v2\/categories?post=776"},{"taxonomy":"post_tag","embeddable":true,"href":"https:\/\/diariodevurgos.com\/dvwps\/wp-json\/wp\/v2\/tags?post=776"}],"curies":[{"name":"wp","href":"https:\/\/api.w.org\/{rel}","templated":true}]}}