{"id":78,"date":"2007-01-24T06:32:26","date_gmt":"2007-01-24T12:32:26","guid":{"rendered":"http:\/\/diariodevurgos.com\/dvwps\/para-quien-no-estuvo-al-corriente-de-los-acontecimientos.php"},"modified":"2007-01-27T18:44:26","modified_gmt":"2007-01-28T00:44:26","slug":"para-quien-no-estuvo-al-corriente-de-los-acontecimientos","status":"publish","type":"post","link":"https:\/\/diariodevurgos.com\/dvwps\/para-quien-no-estuvo-al-corriente-de-los-acontecimientos.php","title":{"rendered":"Para quien no estuvo al corriente de los acontecimientos&#8230;"},"content":{"rendered":"<p align=\"justify\" class=\"lead\"><a title=\"Movida\" class=\"imagelink\" href=\"http:\/\/diariodevurgos.com\/dvwps\/wp-content\/uploads\/2007\/01\/3grande.JPG\"><img align=\"right\" alt=\"Movida\" id=\"image77\" title=\"Movida\" src=\"http:\/\/diariodevurgos.com\/dvwps\/wp-content\/uploads\/2007\/01\/3grande.miniatura.JPG\" \/><\/a>De la lucha contra el parking y la especulaci\u00f3n urban\u00ed\u00adstica: &#8230;la extra\u00f1a e incre\u00ed\u00adble historia de una Avenida llamada Eladio Perlado.<\/p>\n<p align=\"justify\"><!--more--><\/p>\n<p align=\"justify\"><strong>Una ciudad llamada Burgos&#8230;<\/strong><\/p>\n<p align=\"justify\"><strong> <\/strong><\/p>\n<p align=\"justify\">Burgos es una peque\u00f1a ciudad al norte de la meseta castellana donde se desarrolla uno de los m\u00e1s intensos procesos de especulaci\u00f3n urban\u00ed\u00adstica de toda la geograf\u00ed\u00ada ib\u00e9rica. Antigua &#8220;capital de la cruzada&#8221; franquista, desde mediados de los a\u00f1os 70 ha ido variando su estructura urban\u00ed\u00adstica a pasos agigantados. Proceso propiciado, en gran medida, por la actividad imparable de las grandes constructoras que dominan la ciudad, interesadas m\u00e1s en el lucro personal e inmediato, que en los necesidades reales de sus respectivos habitantes.<\/p>\n<p align=\"justify\">\n<p align=\"justify\">Un proceso especulativo de dimensiones espectaculares, m\u00e1s a\u00fan si tenemos en cuenta que nos estar\u00ed\u00adamos refiriendo una ciudad relativamente peque\u00f1a, que hunde sus ra\u00ed\u00adces en din\u00e1micas y aptitudes metales del periodo tardo-franquista, caracterizadas en su mayor parte por una visi\u00f3n caciquil de la estructuraci\u00f3n de la ciudad. Esta concepci\u00f3n de la estructuraci\u00f3n urbana pone en evidencia una marcada jerarquizaci\u00f3n territorial y un empe\u00f1o constante de hacer visible a los habitantes el apabullante de las entidades constructoras. Proceso en el que, a su vez, participar\u00e1n los gestores de las administraciones locales, terminando en m\u00e1s de un ocasi\u00f3n con fragantes esc\u00e1ndalos, como el denominado &#8220;caso de la construcci\u00f3n&#8221;, que se saldo con la inhabilitaci\u00f3n del entonces alcalde de Burgos, Jos\u00e9 Mar\u00ed\u00ada Pe\u00f1a, y el encarcelamiento del actual magnate inmobiliario y de los medios de comunicaci\u00f3n, el se\u00f1or Miguel M\u00e9ndez Pozo.<\/p>\n<p align=\"justify\">\n<p align=\"justify\">Burgos es conocida por su fr\u00ed\u00ado siberiano, por el, a veces, hosco car\u00e1cter de sus habitantes, por su morcillas, por guerreros, m\u00e1s legendarios que hist\u00f3ricos, como el Cid, y tambi\u00e9n, todo hay que decirlo, por el accidente laboral que el 13 de enero de 2005 cost\u00f3 la vida a 10 trabajadores mientras trabajaban para la empresa constructora Arranz Acinas en una subcontrata del Ayuntamiento de Burgos.<\/p>\n<p align=\"justify\">\n<p align=\"justify\">\n<p align=\"justify\"><strong>&#8230;.y un barrio llamado Gamonal.<\/strong><\/p>\n<p align=\"justify\"><strong> <\/strong><\/p>\n<p align=\"justify\">Gamonal es uno de los barrios m\u00e1s populosos de la ciudad de Burgos; recibe su particular toponimia de un tipo de planta denominada &#8220;gam\u00f3n&#8221;, que seg\u00fan parece abundaba en la zona.<\/p>\n<p align=\"justify\">\n<p align=\"justify\">El antiguo pueblo de Gamonal de R\u00ed\u00ado Pico fue definitivamente engullido por la ciudad de Burgos para convertirse en uno de los barrios que albergar\u00ed\u00adan el importante \u00e9xodo rural que, a mediados de los a\u00f1os 70, llegar\u00ed\u00ada a la ciudad procedente del campo. De esta manera, las gentes que fueron sucesivamente llegando comenzaron a trabajar en las m\u00faltiples f\u00e1bricas que se crearon, situadas en un polo industrial de nueva configuraci\u00f3n ubicado justo en el mismo borde del nuevo bario de Gamonal.<\/p>\n<p align=\"justify\">Era necesario, por lo tanto, crear nuevas viviendas donde alojar a estos reci\u00e9n llegados, las cuales se construyeron con la celeridad y los \u00ed\u00adnfimos materiales que demandaban los nuevos tiempos.<\/p>\n<p align=\"justify\">\n<p align=\"justify\">Todo ello apuntaba al desarrollo del problema de estructuraci\u00f3n poblacional que arrastra actualmente dicho barrio, y por consiguiente la ciudad , en el que las cifras hablan por si solas: la ciudad de Burgos posee en torno a 175.000 habitantes, 80.000 de las cuales se hacinar\u00ed\u00adan en Gamonal dentro de una estructura urban\u00ed\u00adstica desordenada, caracter\u00ed\u00adstica del periodo post-franquista, fruto del proceso especulativo que hemos venido se\u00f1alando y fuente de conflictos como el que a continuaci\u00f3n relataremos(1).<\/p>\n<p align=\"justify\">\n<p align=\"justify\">\n<p align=\"justify\"><strong>El conflicto del aparcamiento de la Avenida Eladio Perlado<\/strong><\/p>\n<p align=\"justify\">\n<p align=\"justify\">El aparcamiento subterr\u00e1neo que el Ayuntamiento de Burgos ten\u00ed\u00ada proyectado construir en la avenida Eladio Perlado desat\u00f3, desde un principio, un intenso rechazo en el barrio de Gamonal, en tanto que, los vecinos de dicha zona lo percibir\u00e1n como una clara agresi\u00f3n. Su ubicaci\u00f3n era incompatible con el tipo de avenida en el que abundan las casas altas, y por la que, adem\u00e1s, pasar\u00ed\u00ada un r\u00ed\u00ado subterr\u00e1neo. A lo que hay que a\u00f1adir que, otro de los aparcamientos realizados por el ayuntamiento en un zona colindante, provoc\u00f3 da\u00f1os en las viviendas, las cuales terminaron por resquebrajarse.<\/p>\n<p align=\"justify\">\n<p align=\"justify\">Otra de las causas que, desde el mismo inicio, provoc\u00f3 indignaci\u00f3n entre los vecinos de Gamonal fue que la realizaci\u00f3n de las obras recay\u00f3 en la empresa constructora Arranz-Acinas, que como hemos ya apuntado, est\u00e1 involucrada en el accidente laboral en el que murieron 10 trabajadores. Parece ser que, donde estos trabajadores se cambiaban, una lonja propiedad de dicha empresa, tambi\u00e9n se almacenaba maquinaria y material inflamable. La combinaci\u00f3n resulto mortal, sin embargo la empresa constructora continua afirmando que el accidente fue debido a circunstancias que los propios trabajadores provocaron.<\/p>\n<p align=\"justify\">\n<p align=\"justify\">A\u00fan cuando los pol\u00ed\u00adticos locales se afanaron en repetir de forma machacona que la constructora era mod\u00e9lica, respaldando impl\u00ed\u00adcitamente la versi\u00f3n de la empresa (subcontratada por el propio ayuntamiento), las gentes del barrio percibieron que de nuevo entre pol\u00ed\u00adticos y constructores se estaba dando un proceso de corporativismo, o m\u00e1s bien, de flagrante encubrimiento, con el fin de hacer tragar al barrio una nueva imposici\u00f3n caciquil, esta vez en forma de aparcamiento subterr\u00e1neo&#8230;<\/p>\n<p align=\"justify\">Alguna voz an\u00f3nima se\u00f1al\u00f3 audazmente que todo pod\u00ed\u00ada resumirse con la habitual letan\u00ed\u00ada de &#8220;favores que los pol\u00ed\u00adticos deb\u00ed\u00adan a los constructores&#8221;, etc\u00e9tera.<\/p>\n<p align=\"justify\">\n<p align=\"justify\">Igualmente, el aparcamiento fue percibido como un mero negocio especulativo. Los vecinos de Eladio Perlado se cansaron de repetir al ayuntamiento que exist\u00ed\u00adan otros aparcamientos cercanos que se encontraban medio vac\u00ed\u00ados.<\/p>\n<p align=\"justify\">\u00bfPor qu\u00e9 entonces construir otro?.<\/p>\n<p align=\"justify\">\u00bfPor qu\u00e9 el ensa\u00f1amiento del Ayuntamiento y su negativa constante a dar marcha atr\u00e1s?<\/p>\n<p align=\"justify\">\u00bfQui\u00e9n gobierna realmente en la ciudad de Burgos, los pol\u00ed\u00adticos que dicen representarnos o sus amigos especuladores?<\/p>\n<p align=\"justify\">Y as\u00ed\u00ad una larga lista de preguntas, todas ellas sin respuesta&#8230;.<\/p>\n<p align=\"justify\">\n<p align=\"justify\">Con todo, quiz\u00e1 aquello que supuso el detonante del conflicto, fue la actitud totalmente caciquil del Ayuntamiento, tratando de imponer a toda costa, y por todos los medios, el parking a sus supuestos usuarios. En todo momento trat\u00f3 de hacer ver de forma absolutamente prepotente que su decisi\u00f3n era irrevocable, y que todas las protestas eran debidas a un &#8220;pu\u00f1ado de agitadores politizados&#8221;. Los hechos demostrar\u00ed\u00adan a posteriori que los que protestaban contra su imposici\u00f3n eran algo m\u00e1s que un &#8220;pu\u00f1ado de agitadores&#8221;.<\/p>\n<p align=\"justify\">\n<p align=\"justify\">\n<p align=\"justify\"><strong>La movilizaci\u00f3n:<\/strong><\/p>\n<p align=\"justify\"><strong>Contra el parking y contra la Especulaci\u00f3n.<\/strong><\/p>\n<p align=\"justify\">\n<p align=\"justify\">Las movilizaciones contra la construcci\u00f3n de un parking en la Avenida Eladio Perlado van a dar comienzo a partir de marzo de 2005. De forma pr\u00e1cticamente semanal, todos los lunes, comienzan a realizarse manifestaciones que recorr\u00ed\u00adan la propia avenida en las que se reun\u00ed\u00ada una gran cantidad de vecinos, no solamente las personas afectadas directamente por la construcci\u00f3n del aparcamiento, sino tambi\u00e9n otros vecinos del barrio que apoyaban la lucha contra la especulaci\u00f3n.<\/p>\n<p align=\"justify\">La atenci\u00f3n que los medios de comunicaci\u00f3n locales conced\u00ed\u00adan a estas movilizaciones era pr\u00e1cticamente nula, en ocasiones rayando incluso el menosprecio, lo que representar\u00e1 la antesala de la manipulaci\u00f3n medi\u00e1tica con la que despu\u00e9s dichos medios abordar\u00ed\u00adan los hechos.<\/p>\n<p align=\"justify\">Manipulaci\u00f3n medi\u00e1tica que dar\u00e1 comienzo en junio de 2005 cuando lo vecinos deciden hacerle llegar sus quejas al mismo o\u00ed\u00addo del alcalde mientras inauguraba un parque en Gamonal, quejas que se hicieron extensibles al presidente del Consejo de Barrio, un se\u00f1or que solo se representa a si mismo, teniendo ambos que abandonar Gamonal escoltados por la polic\u00ed\u00ada.<\/p>\n<p align=\"justify\">La reacci\u00f3n airada de los medios de comunicaci\u00f3n se\u00f1al\u00f3 la parte de la barricada en la que los medios oficiales de comunicaci\u00f3n se situaban. Como no podr\u00ed\u00ada haber sido de otra manera, al lado de sus gestores pol\u00ed\u00adticos y due\u00f1os empresariales, es decir, al lado de los toda la vida.<\/p>\n<p align=\"justify\">\n<p align=\"justify\">En el transcurso de la lucha fueron celebradas diversas asambleas vecinales multitudinarias, conviene destacar, por su especial importancia, aquella que se celebr\u00f3 a finales de junio de 2005 en la Casa de la Cultura de Gamonal algunos d\u00ed\u00adas despu\u00e9s de los hecho que hemos narrado. Durante el desarroll\u00f3 de la misma fueron identificados una pareja de agentes de la Brigada de informaci\u00f3n de la Polic\u00ed\u00ada Nacional (lo que antes ven\u00ed\u00ada a llamarse pol\u00ed\u00adtico-social), los cuales, identificados por un vecino que tom\u00f3 la palabra, fueron gentilmente invitados a abandonar la sala a grito de \u00a1fuera!, \u00a1fuera!, \u00a1fuera!&#8230;<\/p>\n<p align=\"justify\">La consiguiente reacci\u00f3n fue una autentica campa\u00f1a de intimidaci\u00f3n por parte de la Subdelegaci\u00f3n del Gobierno, empe\u00f1ada en criminalizar y se\u00f1alar con el dedo a aquellos vecinos del barrio que, seg\u00fan su criterio, no eran &#8220;ni pol\u00ed\u00adticamente correctos, ni buenas compa\u00f1\u00ed\u00adas&#8221;.<\/p>\n<p align=\"justify\">\n<p align=\"justify\">Llega el verano, y a pesar de que el ayuntamiento se hab\u00ed\u00ada comprometido a no dar comienzo a las obras durante el periodo estival, nadie, ni en Eladio Perlado, ni en Gamonal, se fiaba de la palabra de estos se\u00f1ores. Un grupo de vecinos hab\u00ed\u00ada sido ya expulsado, y no de muy buenas maneras, del pleno municipal donde se decidi\u00f3 aprobar la construcci\u00f3n del aparcamiento, preludio de la que a\u00fan estaba por venir.<\/p>\n<p align=\"justify\">Las malas maneras con que la polic\u00ed\u00ada recibi\u00f3 a los vecinos del parque de Virgen del Manzano(2) el d\u00ed\u00ada 11 de agosto anunciaron, pero a peque\u00f1a escala, lo que ocho d\u00ed\u00adas m\u00e1s tarde su en Eladio Perlado.<\/p>\n<p align=\"justify\">\n<p align=\"justify\">\n<p align=\"justify\">\n<p align=\"justify\"><strong>18 de Agosto<\/strong><\/p>\n<p align=\"justify\">El 18 de agosto de 2005 van a comenzar de madrugada las obras de construcci\u00f3n de un descomunal parking en la Avenida Eladio Perlado. Sin previo aviso, sin posibilidad de reclamaci\u00f3n alguna, tratando de imponer &#8220;su&#8221; obra mediante la pol\u00ed\u00adtica de hechos consumados.<\/p>\n<p align=\"justify\">Un vecino con el sue\u00f1o ligero dio la voz de alarma, inmediatamente fueron llegando varios efectivos de la polic\u00ed\u00ada local y nacional para escoltar a los obreros, contratados para colocar las vallas, que acotar\u00ed\u00adan el per\u00ed\u00admetro donde pensaba construirse el parking.<\/p>\n<p align=\"justify\">Pitos, sirenas, cacerolas y alta-voces hicieron que unos 60 vecinos se echaran a la calle para intentar detener el inicio de las obras, poni\u00e9ndose frente a los camiones para complicar el colocado de las vallas. La polic\u00ed\u00ada local comenz\u00f3 a cargar con dureza, ancianos, ni\u00f1os y todo el que pasaba por all\u00ed\u00ad fueron golpeados brutalmente. Aquella misma ma\u00f1ana se produjo la primera de las detenciones y un n\u00famero indeterminado de personas tuvo que pasar por el hospital.<\/p>\n<p align=\"justify\">\n<p align=\"justify\">Esa misma tarde es convocada una asamblea vecinal en el patio de un colegio cercano, la tensi\u00f3n pod\u00ed\u00ada percibirse en los alrededores. Las vallas hab\u00ed\u00adan sido colocadas y la polic\u00ed\u00ada local custodiaba el per\u00ed\u00admetro donde en breve dar\u00ed\u00adan comienzo las obras.<\/p>\n<p align=\"justify\">Despu\u00e9s de 30 minutos de asamblea multitudinaria, en la que se expusieron los hechos de la ma\u00f1ana, se decide partir en manifestaci\u00f3n hasta el cercano per\u00ed\u00admetro vallado que acotaba la avenida entera, donde, sin pens\u00e1rselo dos veces, las gente empieza a zarandear las vallas que van siendo derribadas ante la mirada at\u00f3nita de la polic\u00ed\u00ada local. Tras unos minutos de confusi\u00f3n, esta realizar\u00e1 un amago de carga, pero se ver\u00e1 desbordada por la situaci\u00f3n.<\/p>\n<p align=\"justify\">\n<p align=\"justify\">Sin embargo, una vez que llega la noche, y habiendo solicitado refuerzos, comienza una carga indiscriminada a la que los vecinos de Gamonal responden arroj\u00e1ndoles todo aquello que ten\u00ed\u00adan a mano, no solo aquellos que estaban en la calle, sino incluso desde las ventanas de sus casas, de donde comenzaron a llover sartenes, botellas, bolsas de basura, naranjas, patatas e incluso un tapa de un inodoro. La avenida se convierte en un autentico escenario de guerra, la caseta de obra que hab\u00ed\u00ada instalado la empresa arde. Vuelan las pelotas de goma, una de ellas, disparada a apenas 5 metros, va a ir a para a la cabeza de un chaval que pierde el sentido. Los contenedores son aprovechados a modo de barricada incendiaria para frenar el avance policial(3), quienes incluso llegaran romper los cristales del portal de la avenida para acceder a su interior como si de autenticas tropas de ocupaci\u00f3n se tratase ( lo sorprendente es que alguno de ellos es vecino del barrio de toda la vida).<\/p>\n<p align=\"justify\">\n<p align=\"justify\">Las obras que ten\u00ed\u00adan previsto dar comienzo la ma\u00f1ana del 18 de agosto de 2005 van a concluir ese misma noche, la acci\u00f3n colectiva de cientos y cientos de vecinos que se echaron a la calle hace que, en meses siguientes, la ubicaci\u00f3n del parking en la avenida sea desestimada.<\/p>\n<p align=\"justify\">\n<p align=\"justify\">Aquella noche hist\u00f3rica en la ciudad de Burgos se saldar\u00e1 con 8 personas detenidas arbitrariamente, quienes adem\u00e1s de ser brutalmente agredidas y vejadas, se enfrentan actualmente a un proceso jur\u00ed\u00addico en el que el Ayuntamiento de Burgos solicita escalofriantes condenas, cuesti\u00f3n que m\u00e1s adelante pasaremos a analizar con detalle.<\/p>\n<p align=\"justify\">\n<p align=\"justify\">\n<p align=\"justify\"><strong>La manipulaci\u00f3n medi\u00e1tica.<\/strong><\/p>\n<p align=\"justify\"><strong> <\/strong><\/p>\n<p><em>&#8220;Los medios de comunicaci\u00f3n en democracia<\/em><\/p>\n<p align=\"justify\"><em>son lo que las pistolas en dictadura&#8221;.<\/em><\/p>\n<p align=\"justify\">Dicho an\u00f3nimo y recurrente<\/p>\n<p align=\"justify\">\n<p align=\"justify\">\n<p align=\"justify\">Despu\u00e9s de las porras, las pelotas de goma y las cargas indiscriminadas, los especuladores y pol\u00ed\u00adticos de turno utilizaron otra de sus armas favoritas: la manipulaci\u00f3n de los medios de comunicaci\u00f3n.<\/p>\n<p align=\"justify\">La totalidad de los <em>mas-media<\/em> locales se har\u00e1n amplio eco de la noticia, sin embargo su versi\u00f3n de los hechos difiere mucho de lo realmente acontecido la jornada del 18 de agosto en Gamonal.<\/p>\n<p align=\"justify\">\n<p align=\"justify\">Si los medios escritos plantearon inicialmente la fantasiosa hip\u00f3tesis de la llegada de miembros de la <em>Kalle borroka <\/em>para participar en los enfrentamientos, el alcalde, Juan Carlos Aparicio, en una rueda de prensa convocada a toda prisa tras su precipitado regreso de sus vacaciones en Turqu\u00ed\u00ada, se\u00f1ala que todo ha sido obra de un reducido grupo de &#8220;radicales anti-sistema&#8221; que se habr\u00ed\u00adan coordinado a trav\u00e9s de internet.<\/p>\n<p align=\"justify\">\n<p align=\"justify\">Por otro lado, cuando la hip\u00f3tesis <em>Kalle Borroka<\/em> comenz\u00f3 a perder peso, desde la Subdelegaci\u00f3n del Gobierno se apunt\u00f3 hacia &#8220;grupos anarquistas radicales&#8221; y\/o extrema izquierda&#8221;; diferentes versiones para ocultar lo evidente: que cientos y cientos de vecinos hab\u00ed\u00ada participado en la revuelta contra el parking y le especulaci\u00f3n urban\u00ed\u00adstica, y que las personas que hab\u00ed\u00adan sido detenidas arbitrariamente esa noche eran todos gentes del barrio, algunos de ellos a dem\u00e1s tuvieron que transcurrir varios d\u00ed\u00adas hospitalizados.<\/p>\n<p align=\"justify\">\n<p align=\"justify\">Desde la propia tarde del viernes 19 de agosto, en la que fue convocada una nueva asamblea par informar de la situaci\u00f3n, se expuso colectivamente y de forma reiterada que en ning\u00fan momento se pensaba dejar solos a los detenidos, a\u00f1adi\u00e9ndose adem\u00e1s que se iba a estar con ellos &#8220;fuesen o no fuesen del barrio&#8221; (como puede comprobarse en el video-documental <em>\u00bfDe qui\u00e9n de es la calle?<\/em>, al que luego nos referiremos). Algo, sin duda alguna, sumamente importante y valioso la hora de afrontar el proceso al que estos compa\u00f1eros han de enfrentarse.<em> <\/em><\/p>\n<p align=\"justify\">\n<p align=\"justify\">\n<p align=\"justify\"><strong>De la lucha contra el parking<\/strong><\/p>\n<p align=\"justify\"><strong>a la solidaridad con todos los detenidos y encausados.<\/strong><\/p>\n<p align=\"justify\"><strong> <\/strong><\/p>\n<p align=\"justify\"><strong>A) La lucha da sus frutos.<\/strong><\/p>\n<p align=\"justify\"><strong> <\/strong><\/p>\n<p align=\"justify\">En enero de 2006 el Ayuntamiento de Burgos har\u00e1 p\u00fablico que da por desestimada la realizaci\u00f3n de un parking subterr\u00e1neo en la Avenida Eladio Perlado. Ante la imposibilidad de oponerse a la gran movilizaci\u00f3n vecinal, cabe resaltar que uno de los lemas de las manifestaciones siguientes fue <em>&#8220;Si las vuelven a traer las romperemos otra vez&#8221;<\/em>, el Ayuntamiento decide dar marcha atr\u00e1s a sus pretensiones, no sin antes elaborar minuciosamente su particular venganza dise\u00f1ada desde hac\u00ed\u00ada meses.<\/p>\n<p align=\"justify\">\n<p align=\"justify\"><strong>B) Ensa\u00f1amiento y persecuci\u00f3n municipal.<\/strong><\/p>\n<p align=\"justify\"><strong> <\/strong><\/p>\n<p align=\"justify\">Inmediatamente despu\u00e9s de los hechos del 18 de agosto algunos vecinos comenzaron a recibir citaciones judiciales, lo que resultaba sorprendente es que ninguno de ellos hab\u00ed\u00ada sido ni detenido ni identificado aquella tarde-noche.<\/p>\n<p align=\"justify\">Dichas citaciones respond\u00ed\u00adan a un claro intento de criminalizar y castigar a aquellos vecinos que, desde medios municipales, eran considerados significativos. Algunas de estas denuncias llegar\u00e1n incluso despu\u00e9s de que pasaran 8 meses, acompa\u00f1adas adem\u00e1s de m\u00faltiples irregularidades. Todas encuadrables dentro de un mismo patr\u00f3n acusatorio: &#8220;desordenes p\u00fablicos, e incitaci\u00f3n a tirar las vallas&#8221;, referidas ambas a los hechos acaecidos durante la ma\u00f1ana. Cabe decir que, todas estas acusaciones son consideradas falsas por lo vecinos que las han recibido, fruto de una venganza municipal a posteriori.<\/p>\n<p align=\"justify\">\n<p align=\"justify\">A finales de mayo de 2006, el Ayuntamiento har\u00e1 p\u00fablico, a trav\u00e9s de una intensa campa\u00f1a de criminalizaci\u00f3n en los medios locales, el escrito de acusaci\u00f3n contra los 8 vecinos detenidos arbitrariamente la noche del 18 de agosto.<\/p>\n<p align=\"justify\">En su escrito de acusaci\u00f3n el Ayuntamiento solicita de entre 7 a 8 a\u00f1os de c\u00e1rcel para cada uno de los procesados, un total de 54 a\u00f1os de c\u00e1rcel, a lo que habr\u00ed\u00ada que sumar los 13.200 euros solicitados en concepto de da\u00f1os.<\/p>\n<p align=\"justify\"><strong> <\/strong><\/p>\n<p align=\"justify\">La prensa local aire\u00f3 de forma parcial algunas de las partes de las que se compon\u00ed\u00ada el escrito de acusaci\u00f3n del Ayuntamiento. Ley\u00e9ndolo entre l\u00ed\u00adneas, se desprende que el Ayuntamiento sigue fiel a su hip\u00f3tesis inicial cuando, afirmando que &#8220;un grupo de j\u00f3venes compuesto por 20 personas derribaron las vallas delas obras e invadieron la calzada de la calle Vitoria para intentar cortar el tr\u00e1fico&#8230;&#8221; trata de asilar a los vecinos detenidos aludiendo de forma impl\u00ed\u00adcita al fantasma de las &#8220;personas ajenas al barrio&#8221;o la receta m\u00e1gica de la <em>kale borroka<\/em> y\/o grupos anti-sistema que suele servir para casi todo. Sin embargo, la cosa se complica mucha m\u00e1s cuando ni tan siquiera las propias im\u00e1genes publicadas por la prensa local se corresponde con lo redactado en dicho escrito de acusaci\u00f3n, puesto que puede apreciarse perfectamente que quines resisten ala inicio de las obras de construcci\u00f3n del aparcamiento no son solamente &#8220;grupo de j\u00f3venes&#8221;, y ni mucho menos tan solo 20 personas.<\/p>\n<p align=\"justify\">\n<p align=\"justify\">Rencorosos por el hecho de que un barrio entero asara desafiar su sacrosanta voluntad, los pol\u00ed\u00adticos y especuladores han puesto en marcha su particular venganza jur\u00ed\u00addica, en la que con el linchamiento jur\u00ed\u00addico y medi\u00e1tico de unos pocos detenidos al azar, pretenden que escarmiente el barrio entero. Por eso solicitan penas astron\u00f3micas en forma de a\u00f1os de c\u00e1rcel o cantidades de dinero. Sin embargo el tiro les ha salido por la culata, como se suele decir, la gente de Gamonal ha comprendido que, en el proceso que en breve dar\u00e1 comienzo, no solamente se pretende juzgar a una serie de personas concretas, sino la revuelta de un barrio entero contra la especulaci\u00f3n urban\u00ed\u00adstica y los caciques pol\u00ed\u00adticos, algo que no podr\u00e1 ser jam\u00e1s tolerado por estos \u00faltimos.<\/p>\n<p align=\"justify\"><strong>\u00bfDe qui\u00e9n es la calle?<\/strong><\/p>\n<p align=\"justify\">Es el t\u00ed\u00adtulo del documental(4) donde se recogen los momentos m\u00e1s significativos de la lucha contra el parking, incluyendo adem\u00e1s entrevistas con la gente que ha vivido el conflicto en primera persona, adem\u00e1s de interesantes colaboraciones musicales como la del grupo de un grupo de hip-hop de Gamonal que pone la banda sonora para las impactantes im\u00e1genes de la noche del 18 de agosto.<\/p>\n<p align=\"justify\">\n<p align=\"justify\">Entre las m\u00faltiples avatares que acompa\u00f1an la vida de esta documental cabe destacar el de la absoluta voluntad de censura desplegada desde medios municipales. A escasos dos d\u00ed\u00adas de su estreno en la Casa de la Cultura de Gamonal, un espacio p\u00fablico, record\u00e9moslo, el permiso para su proyecci\u00f3n es denegado por el se\u00f1or Eduardo Franc\u00e9s, concejal al mismo tiempo de Cultura y de polic\u00ed\u00ada, aludiendo a una supuestas obras de remodelaci\u00f3n del edificio en cuesti\u00f3n. Una maniobra que, a todas luces, trataba de impedir que el documental se estrenase. Sin embargo, despu\u00e9s de una concentraci\u00f3n de protesta en la puesta del edificio en cuesti\u00f3n, la gente se desplaz\u00f3 hasta una plaza cercana donde se proyecto el documental&#8230;.nada m\u00e1s y nada menos que un 20 de diciembre, con una temperatura de 0\u00ba bajo cero que no merm\u00f3 ni un \u00e1pice el calor combativo de los que all\u00ed\u00ad nos congregamos.<\/p>\n<p align=\"justify\">Cabe decir adem\u00e1s que el documental ha sido proyectado en otras realidades geogr\u00e1ficas donde se sufren similares procesos especulativos como el barrio del Caba\u00f1al en Valencia, el &#8220;Furat de la Vergogna&#8221; en Barcelona, el barrio de Aluche en Madrid, Alicante, Granda, Zaragoza y todo un largo etc\u00e9tera&#8230;.<\/p>\n<p align=\"justify\">\n<p align=\"justify\">\n<p align=\"justify\"><strong>La lucha sigue inexorable&#8230;.<\/strong><\/p>\n<p align=\"justify\"><strong>&#8230;.un proceso especulativo llamado &#8220;Master Plan&#8221;<\/strong><\/p>\n<p align=\"justify\">\n<p align=\"justify\">El conflicto y la lucha que hemos venido relatando en este escrito es solamente el inicio, o mejor dicho, una etapa de las futuras luchas que se avecinan en esta ciudad. Por suerte (o por desgracia para algunos) la movilizaci\u00f3n contra la especulaci\u00f3n en Burgos continua activa, m\u00e1s a\u00fan cuando se avecina un nuevo proceso especulativo a gran escala, algo que ha venido a denominarse como &#8220;Master Plan&#8221;.<\/p>\n<p align=\"justify\">\n<p align=\"justify\">Dicho proyecto que, como siempre, estar\u00ed\u00ada respaldado por las grandes empresas constructoras y las principales cajas de ahorro de la ciudad, pretende aprovecharse de una de las reivindicaciones hist\u00f3ricas de los habitantes de la ciudad de Burgos: el soterramiento del ferrocarril que parte en dos la ciudad. Soterramiento, hay que decirlo, que no se producir\u00e1, sino que ser\u00e1 sustituido por un desvi\u00f3, en el que, aprovechando el primigenio trazado del ferrocarril, que ser\u00e1 sustituido por una carretera de cuatro carriles, se pretende destruir los numerosos espacios naturales que a\u00fan conserva la ciudad.<\/p>\n<p align=\"justify\">\n<p align=\"justify\"><strong>Para ir terminando&#8230;<\/strong><\/p>\n<p align=\"justify\"><strong> <\/strong><\/p>\n<p align=\"justify\">Con este art\u00ed\u00adculo hemos pretendido reflejar de forma n\u00ed\u00adtida el desarrollo de un conflicto contra la especulaci\u00f3n urban\u00ed\u00adstica, un conflicto vecinal hist\u00f3rico en Burgos y que ha demostrado que la fuerza de la uni\u00f3n y de la acci\u00f3n colectiva son capaces de hacer frente al m\u00e1s grande de los contrincantes, sea quien sea, y se llame como se llame. Algo que se permanece en la memoria colectiva puede ser una valios\u00ed\u00adsima referencia de cara a las nuevas luchas que se avecinan, ya sea en Gamonal, en otros barrios de Burgos, o all\u00e1 donde se sucedan.<\/p>\n<p align=\"justify\">\n<p align=\"justify\">\n<p align=\"justify\">\n<p align=\"justify\">Gamonal<\/p>\n<p align=\"justify\">junio de 2006<\/p>\n<p align=\"justify\">\n<p align=\"justify\"><em> <\/em><\/p>\n<p align=\"justify\"><em> <\/em><\/p>\n<p align=\"justify\"><em>Observatorio Metropolitano<\/em><\/p>\n<p align=\"justify\"><em>contra la Especulaci\u00f3n Urban\u00ed\u00adstica<\/em><\/p>\n<p align=\"justify\"><em> <\/em><\/p>\n<p align=\"justify\"><em> <\/em><\/p>\n<p align=\"justify\"><em> <\/em><\/p>\n<p align=\"justify\"><em> <\/em><\/p>\n<p><strong>Notas:<\/strong><\/p>\n<p align=\"justify\"><strong> <\/strong><\/p>\n<p align=\"justify\">(1). El conflicto contra el parking dela avenida Eladio Perlado, a\u00fan cuando es el m\u00e1s reciente, no es el \u00fanico gran conflicto que ha vivido el barrio de Gamonal. En 1977 tras una decisi\u00f3n municipal en la que se acord\u00f3 la subida de 5 de las antiguas pesetas el precio del billete del autob\u00fas, los habitantes del bario montaron en c\u00f3lera y decidieron volcar y dar fuego a un autob\u00fas en medio de la calle Vitoria, una de las principales arterias de la ciudad que atraviesa el barrio&#8230;<\/p>\n<p align=\"justify\">&#8230;.el tiempo pasa las luchas contin\u00faan.<\/p>\n<p align=\"justify\">\n<p align=\"justify\">(2).Otra zona de la ciudad donde el ayuntamiento esta realizando un parking subterr\u00e1neo, el cual no pudo ser frenado<\/p>\n<p align=\"justify\">\n<p align=\"justify\">(3). Durante las cargas policiales llegaran a perderse, no una, sino varias pistolas reglamentarias. Hechos que, tras una reuni\u00f3n de la Junta de Seguridad local (Ayuntamiento, Subdelegaci\u00f3n del Gobierno y mandos policiales), fueron sellados con un pacto de silencio.<\/p>\n<p align=\"justify\">\n<p align=\"justify\">(4).El documental &#8220;\u00bfDe quien es la calle puede?&#8221; puede ser solicitado en la siguiente direcci\u00f3n de correo electr\u00f3nico: <u>apoyoencausados@klinamen.org <\/u><\/p>\n","protected":false},"excerpt":{"rendered":"<p>De la lucha contra el parking y la especulaci\u00f3n urban\u00ed\u00adstica: &#8230;la extra\u00f1a e incre\u00ed\u00adble historia de una Avenida llamada Eladio Perlado.<\/p>\n","protected":false},"author":2,"featured_media":0,"comment_status":"open","ping_status":"open","sticky":false,"template":"","format":"standard","meta":[],"categories":[2],"tags":[],"_links":{"self":[{"href":"https:\/\/diariodevurgos.com\/dvwps\/wp-json\/wp\/v2\/posts\/78"}],"collection":[{"href":"https:\/\/diariodevurgos.com\/dvwps\/wp-json\/wp\/v2\/posts"}],"about":[{"href":"https:\/\/diariodevurgos.com\/dvwps\/wp-json\/wp\/v2\/types\/post"}],"author":[{"embeddable":true,"href":"https:\/\/diariodevurgos.com\/dvwps\/wp-json\/wp\/v2\/users\/2"}],"replies":[{"embeddable":true,"href":"https:\/\/diariodevurgos.com\/dvwps\/wp-json\/wp\/v2\/comments?post=78"}],"version-history":[{"count":0,"href":"https:\/\/diariodevurgos.com\/dvwps\/wp-json\/wp\/v2\/posts\/78\/revisions"}],"wp:attachment":[{"href":"https:\/\/diariodevurgos.com\/dvwps\/wp-json\/wp\/v2\/media?parent=78"}],"wp:term":[{"taxonomy":"category","embeddable":true,"href":"https:\/\/diariodevurgos.com\/dvwps\/wp-json\/wp\/v2\/categories?post=78"},{"taxonomy":"post_tag","embeddable":true,"href":"https:\/\/diariodevurgos.com\/dvwps\/wp-json\/wp\/v2\/tags?post=78"}],"curies":[{"name":"wp","href":"https:\/\/api.w.org\/{rel}","templated":true}]}}