{"id":792,"date":"2007-10-02T11:47:38","date_gmt":"2007-10-02T10:47:38","guid":{"rendered":"http:\/\/diariodevurgos.com\/dvwps\/baja-y-sube-el-paro.php"},"modified":"2007-10-02T11:47:38","modified_gmt":"2007-10-02T10:47:38","slug":"baja-y-sube-el-paro","status":"publish","type":"post","link":"https:\/\/diariodevurgos.com\/dvwps\/baja-y-sube-el-paro.php","title":{"rendered":"Baja y sube el paro"},"content":{"rendered":"<p class=\"lead\"><img align=\"right\" alt=\"inem\" id=\"image791\" title=\"inem\" src=\"http:\/\/diariodevurgos.com\/dvwps\/wp-content\/uploads\/2007\/10\/images.jpeg\" \/>Baja en Espa\u00f1a, pero sube en Castilla y Le\u00f3n con <strong>2.434<\/strong> desempleados y en Burgos <strong>307<\/strong> personas. En Burgos la construcci\u00f3n recupera a 3 personas(<strong>-3<\/strong>) y el sector servicios echa a <strong>214<\/strong> personas, <strong>39<\/strong> provienen de la industria y <strong>24<\/strong> de la agricultura. Desde mi punto de vista, sigo pensando que tiene mucho que ver la construcci\u00f3n en esta subida del paro, aunque a priori los datos digan otra cosa.<br \/>\n<!--more--><a title=\"documento\" href=\"http:\/\/www.tt.mtas.es\/periodico\/laboral\/200710\/SEPTIEMBRE%202007%20pdf.pdf\"><br \/>\nEl documento del ministerio de trabajo sobre el paro de Septiembre<\/a> lo deja bien claro. 307 desempleados m\u00e1s hay hoy en Burgos. El sector de la construcci\u00f3n se mantiene y recupera 3 empleados pero el que engrosa la lista de parados es el del sector servicios que cuenta con 214, este sector enga\u00f1a mucho porque depende de otros y es muy diverso, el sector servicios puede ser el empleado de una tienda, un repartidor, un transportista, un pintor, etc&#8230; y cuando hablamos de 307 personas estamos hablando de casos muy concretos que en general pueden no decir nada. As\u00ed\u00ad que un an\u00e1lisis de estos datos seria un tanto est\u00fapido.<\/p>\n<p>Yo personalmente sigo pensando que el desencadenante de este paro es la construcci\u00f3n burgalesa, aunque no las tengo todas conmigo, supongo que el tiempo dir\u00e1 si cruje o uno cruje un sector que camina por el filo de la navaja desde hace mucho tiempo y que en otros sitios de la geograf\u00ed\u00ada ib\u00e9rica <a title=\"aguas\" href=\"http:\/\/news.google.com\/news?q=llanera\">andan ya haciendo aguas<\/a>.<\/p>\n","protected":false},"excerpt":{"rendered":"<p>Baja en Espa\u00f1a, pero sube en Castilla y Le\u00f3n con 2.434 desempleados y en Burgos 307 personas. En Burgos la construcci\u00f3n recupera a 3 personas(-3) y el sector servicios echa a 214 personas, 39 provienen de la industria y 24 de la agricultura. Desde mi punto de vista, sigo pensando que tiene mucho que ver&#8230;  <a href=\"https:\/\/diariodevurgos.com\/dvwps\/baja-y-sube-el-paro.php\" class=\"more-link\" title=\"Read Baja y sube el paro\">Read more &raquo;<\/a><\/p>\n","protected":false},"author":1,"featured_media":0,"comment_status":"open","ping_status":"open","sticky":false,"template":"","format":"standard","meta":[],"categories":[2],"tags":[],"_links":{"self":[{"href":"https:\/\/diariodevurgos.com\/dvwps\/wp-json\/wp\/v2\/posts\/792"}],"collection":[{"href":"https:\/\/diariodevurgos.com\/dvwps\/wp-json\/wp\/v2\/posts"}],"about":[{"href":"https:\/\/diariodevurgos.com\/dvwps\/wp-json\/wp\/v2\/types\/post"}],"author":[{"embeddable":true,"href":"https:\/\/diariodevurgos.com\/dvwps\/wp-json\/wp\/v2\/users\/1"}],"replies":[{"embeddable":true,"href":"https:\/\/diariodevurgos.com\/dvwps\/wp-json\/wp\/v2\/comments?post=792"}],"version-history":[{"count":0,"href":"https:\/\/diariodevurgos.com\/dvwps\/wp-json\/wp\/v2\/posts\/792\/revisions"}],"wp:attachment":[{"href":"https:\/\/diariodevurgos.com\/dvwps\/wp-json\/wp\/v2\/media?parent=792"}],"wp:term":[{"taxonomy":"category","embeddable":true,"href":"https:\/\/diariodevurgos.com\/dvwps\/wp-json\/wp\/v2\/categories?post=792"},{"taxonomy":"post_tag","embeddable":true,"href":"https:\/\/diariodevurgos.com\/dvwps\/wp-json\/wp\/v2\/tags?post=792"}],"curies":[{"name":"wp","href":"https:\/\/api.w.org\/{rel}","templated":true}]}}