{"id":7967,"date":"2012-03-22T23:05:39","date_gmt":"2012-03-22T22:05:39","guid":{"rendered":"http:\/\/diariodevurgos.com\/dvwps\/?p=7967"},"modified":"2012-03-22T23:06:40","modified_gmt":"2012-03-22T22:06:40","slug":"charla-informativa-sobre-fractura-hidraulica","status":"publish","type":"post","link":"https:\/\/diariodevurgos.com\/dvwps\/charla-informativa-sobre-fractura-hidraulica.php","title":{"rendered":"Charla informativa sobre fractura hidr\u00e1ulica"},"content":{"rendered":"<p class=\"lead\"><img loading=\"lazy\" class=\"alignright size-medium wp-image-7968\" title=\"peligrogasf\" src=\"http:\/\/diariodevurgos.com\/dvwps\/wp-content\/uploads\/2012\/03\/peligrogasf-237x300.jpg\" alt=\"peligrogasf\" width=\"112\" height=\"141\" srcset=\"https:\/\/diariodevurgos.com\/dvwps\/wp-content\/uploads\/2012\/03\/peligrogasf-237x300.jpg 237w, https:\/\/diariodevurgos.com\/dvwps\/wp-content\/uploads\/2012\/03\/peligrogasf-811x1024.jpg 811w\" sizes=\"(max-width: 112px) 100vw, 112px\" \/>El pr\u00f3ximo <strong>s\u00e1bado 24 de marzo <\/strong>a partir de las <strong>18.30 horas<\/strong> se llevar\u00e1 a cabo una <strong>charla informativa sobre fractura hidr\u00e1ulica<\/strong> en la localidad burgalesa de <strong>Escalada<\/strong>. El evento tendr\u00e1 lugar en el colegio p\u00fablico de la propia localidad e incluir\u00e1 un debate sobre las repercusiones medioambientales de la utilizaci\u00f3n de esta t\u00e9cnica de extracci\u00f3n de gas.\u00a0 Para entender qu\u00e9 es exactamente la fractura hidr\u00e1ulica conviene ojear el <a title=\"Bolet\u00ed\u00adn en defensa de la tierra\" href=\"http:\/\/www.slideshare.net\/csadobleonada\/fractura-final?from=embed\">peri\u00f3dico informativo<\/a> editado por la asamblea contra la fractura hidr\u00e1ulica.<\/p>\n","protected":false},"excerpt":{"rendered":"<p>El pr\u00f3ximo s\u00e1bado 24 de marzo a partir de las 18.30 horas se llevar\u00e1 a cabo una charla informativa sobre fractura hidr\u00e1ulica en la localidad burgalesa de Escalada. El evento tendr\u00e1 lugar en el colegio p\u00fablico de la propia localidad e incluir\u00e1 un debate sobre las repercusiones medioambientales de la utilizaci\u00f3n de esta t\u00e9cnica de&#8230;  <a href=\"https:\/\/diariodevurgos.com\/dvwps\/charla-informativa-sobre-fractura-hidraulica.php\" class=\"more-link\" title=\"Read Charla informativa sobre fractura hidr\u00e1ulica\">Read more &raquo;<\/a><\/p>\n","protected":false},"author":2,"featured_media":0,"comment_status":"open","ping_status":"closed","sticky":false,"template":"","format":"standard","meta":[],"categories":[2,57,54],"tags":[],"_links":{"self":[{"href":"https:\/\/diariodevurgos.com\/dvwps\/wp-json\/wp\/v2\/posts\/7967"}],"collection":[{"href":"https:\/\/diariodevurgos.com\/dvwps\/wp-json\/wp\/v2\/posts"}],"about":[{"href":"https:\/\/diariodevurgos.com\/dvwps\/wp-json\/wp\/v2\/types\/post"}],"author":[{"embeddable":true,"href":"https:\/\/diariodevurgos.com\/dvwps\/wp-json\/wp\/v2\/users\/2"}],"replies":[{"embeddable":true,"href":"https:\/\/diariodevurgos.com\/dvwps\/wp-json\/wp\/v2\/comments?post=7967"}],"version-history":[{"count":2,"href":"https:\/\/diariodevurgos.com\/dvwps\/wp-json\/wp\/v2\/posts\/7967\/revisions"}],"predecessor-version":[{"id":7970,"href":"https:\/\/diariodevurgos.com\/dvwps\/wp-json\/wp\/v2\/posts\/7967\/revisions\/7970"}],"wp:attachment":[{"href":"https:\/\/diariodevurgos.com\/dvwps\/wp-json\/wp\/v2\/media?parent=7967"}],"wp:term":[{"taxonomy":"category","embeddable":true,"href":"https:\/\/diariodevurgos.com\/dvwps\/wp-json\/wp\/v2\/categories?post=7967"},{"taxonomy":"post_tag","embeddable":true,"href":"https:\/\/diariodevurgos.com\/dvwps\/wp-json\/wp\/v2\/tags?post=7967"}],"curies":[{"name":"wp","href":"https:\/\/api.w.org\/{rel}","templated":true}]}}