{"id":7985,"date":"2012-03-24T14:37:23","date_gmt":"2012-03-24T13:37:23","guid":{"rendered":"http:\/\/diariodevurgos.com\/dvwps\/?p=7985"},"modified":"2012-03-31T19:43:16","modified_gmt":"2012-03-31T18:43:16","slug":"debate-y-proyeccion-sobre-la-huelga-general-del-29-m","status":"publish","type":"post","link":"https:\/\/diariodevurgos.com\/dvwps\/debate-y-proyeccion-sobre-la-huelga-general-del-29-m.php","title":{"rendered":"Debate y proyecci\u00f3n sobre la Huelga General del 29-M"},"content":{"rendered":"<p class=\"lead\">El pr\u00f3ximo <strong>martes 27 de marzo<\/strong> en la<strong> sede en Burgos de CNT <\/strong>tendr\u00e1 lugar<a title=\"Proyecci\u00f3n y debate sobre la Huelga General\" href=\"http:\/\/cntburgos.blogspot.com.es\/2012\/03\/proyeccion-y-debate-sobre-la-huelga.html\"> una proyecci\u00f3n y posterior debate en torno a la Huelga General Convocada para el 29 de marzo<\/a>. La actividad, que se engloba dentro de los preparativos de la jornada de huelga general, dar\u00e1 comienzo a partir de las <strong>20.00 hora<\/strong>s en <strong>C\/ Do\u00f1a Berenguela 3.<\/strong><\/p>\n<p style=\"text-align: center;\"><strong><img loading=\"lazy\" class=\"aligncenter size-medium wp-image-7986\" title=\"cartel 27Mpeque\" src=\"http:\/\/diariodevurgos.com\/dvwps\/wp-content\/uploads\/2012\/03\/cartel-27Mpeque-212x300.jpg\" alt=\"cartel 27Mpeque\" width=\"212\" height=\"300\" srcset=\"https:\/\/diariodevurgos.com\/dvwps\/wp-content\/uploads\/2012\/03\/cartel-27Mpeque-212x300.jpg 212w, https:\/\/diariodevurgos.com\/dvwps\/wp-content\/uploads\/2012\/03\/cartel-27Mpeque-726x1024.jpg 726w, https:\/\/diariodevurgos.com\/dvwps\/wp-content\/uploads\/2012\/03\/cartel-27Mpeque.jpg 958w\" sizes=\"(max-width: 212px) 100vw, 212px\" \/><br \/>\n<\/strong><\/p>\n<p><strong><br \/>\n<\/strong><\/p>\n","protected":false},"excerpt":{"rendered":"<p>El pr\u00f3ximo martes 27 de marzo en la sede en Burgos de CNT tendr\u00e1 lugar una proyecci\u00f3n y posterior debate en torno a la Huelga General Convocada para el 29 de marzo. La actividad, que se engloba dentro de los preparativos de la jornada de huelga general, dar\u00e1 comienzo a partir de las 20.00 horas&#8230;  <a href=\"https:\/\/diariodevurgos.com\/dvwps\/debate-y-proyeccion-sobre-la-huelga-general-del-29-m.php\" class=\"more-link\" title=\"Read Debate y proyecci\u00f3n sobre la Huelga General del 29-M\">Read more &raquo;<\/a><\/p>\n","protected":false},"author":2,"featured_media":0,"comment_status":"open","ping_status":"closed","sticky":false,"template":"","format":"standard","meta":[],"categories":[2,57,60,49],"tags":[],"_links":{"self":[{"href":"https:\/\/diariodevurgos.com\/dvwps\/wp-json\/wp\/v2\/posts\/7985"}],"collection":[{"href":"https:\/\/diariodevurgos.com\/dvwps\/wp-json\/wp\/v2\/posts"}],"about":[{"href":"https:\/\/diariodevurgos.com\/dvwps\/wp-json\/wp\/v2\/types\/post"}],"author":[{"embeddable":true,"href":"https:\/\/diariodevurgos.com\/dvwps\/wp-json\/wp\/v2\/users\/2"}],"replies":[{"embeddable":true,"href":"https:\/\/diariodevurgos.com\/dvwps\/wp-json\/wp\/v2\/comments?post=7985"}],"version-history":[{"count":3,"href":"https:\/\/diariodevurgos.com\/dvwps\/wp-json\/wp\/v2\/posts\/7985\/revisions"}],"predecessor-version":[{"id":8033,"href":"https:\/\/diariodevurgos.com\/dvwps\/wp-json\/wp\/v2\/posts\/7985\/revisions\/8033"}],"wp:attachment":[{"href":"https:\/\/diariodevurgos.com\/dvwps\/wp-json\/wp\/v2\/media?parent=7985"}],"wp:term":[{"taxonomy":"category","embeddable":true,"href":"https:\/\/diariodevurgos.com\/dvwps\/wp-json\/wp\/v2\/categories?post=7985"},{"taxonomy":"post_tag","embeddable":true,"href":"https:\/\/diariodevurgos.com\/dvwps\/wp-json\/wp\/v2\/tags?post=7985"}],"curies":[{"name":"wp","href":"https:\/\/api.w.org\/{rel}","templated":true}]}}