{"id":7989,"date":"2012-03-25T21:59:32","date_gmt":"2012-03-25T20:59:32","guid":{"rendered":"http:\/\/diariodevurgos.com\/dvwps\/?p=7989"},"modified":"2012-03-31T19:42:51","modified_gmt":"2012-03-31T18:42:51","slug":"iniciativas-libertarias-y-asamblearias-de-cara-a-la-huelga-general-del-29-m","status":"publish","type":"post","link":"https:\/\/diariodevurgos.com\/dvwps\/iniciativas-libertarias-y-asamblearias-de-cara-a-la-huelga-general-del-29-m.php","title":{"rendered":"Iniciativas libertarias y asamblearias de cara a la Huelga General del 29-M"},"content":{"rendered":"<p class=\"lead\"><img loading=\"lazy\" class=\"alignright size-medium wp-image-7991\" title=\"29M Huelga General Organizate\" src=\"http:\/\/diariodevurgos.com\/dvwps\/wp-content\/uploads\/2012\/03\/29M-Huelga-General-Organizate-238x300.jpg\" alt=\"29M Huelga General Organizate\" width=\"187\" height=\"235\" srcset=\"https:\/\/diariodevurgos.com\/dvwps\/wp-content\/uploads\/2012\/03\/29M-Huelga-General-Organizate-238x300.jpg 238w, https:\/\/diariodevurgos.com\/dvwps\/wp-content\/uploads\/2012\/03\/29M-Huelga-General-Organizate.jpg 254w\" sizes=\"(max-width: 187px) 100vw, 187px\" \/>La pr\u00f3xima jornada de Huelga General convocada para el 29 de marzo cuenta en Burgos con varias iniciativas programadas por organizaciones libertarias que &#8220;pretenden dar cobertura a una confrontaci\u00f3n real y continuada, para devolver las agresiones contra la clase trabajadora con el mismo grado de contundencia con el que las estamos recibiendo&#8221;\u009d.<!--more--><\/p>\n<p>La jornada de Huelga General\u00a0 programada para el pr\u00f3ximo 29 de marzo cuenta en Burgos, al igual que en otras ciudades, con varias iniciativas que persiguen romper con la monoton\u00ed\u00ada de la convocatoria oficial y que pretenden aunar esfuerzos desde par\u00e1metros libertarios.<\/p>\n<p>En este sentido las organizaciones anarcosindicalistas <strong>CNT y CGT en el \u00e1mbito de Burgos<\/strong><a title=\"Huelga General 29-M CNT-CGT\" href=\"http:\/\/infoburgos.wordpress.com\/2012\/03\/24\/huelga-general-29m-burgos\/\"> <\/a>han acordado de forma conjunta <a title=\"Convocatoria conjunta\" href=\"http:\/\/www.cgtburgos.org\/accion-sindical-social\/movilizaciones\/477-cgt-y-cnt-de-burgos-realizan-convocatoria-unitaria-de-huelga-para-el-29-de-marzo.html\">la convocatoria de huelga para el 29 de marzo <\/a>contra la reforma, los recortes y el pacto social. Desde esta convocatoria conjunta se insiste en que el rechazo al modelo de burocracia sindical de UGT-CC.OO no debe convertirse en excusas contra la movilizaci\u00f3n sino en un acicate para reforzarla. Hacen tambi\u00e9n un llamamiento para acudir a la<a title=\"Manifestaci\u00f3n conjunta CNT-CGT\" href=\"http:\/\/cntburgos.blogspot.com.es\/2012\/03\/manifestacion-1830-pza-del-cid-la-flora.html\"><strong> <\/strong>manifestaci\u00f3n conjunta<\/a> <strong>que ambas organizaciones realizar\u00e1n a modo de <em>&#8220;bloque cr\u00ed\u00adtico&#8221;\u009d<\/em> que dar\u00e1 comienzo a las <\/strong><strong>18.30 desde la Plaza del Cid con final en la Flora.<\/strong><\/p>\n<p style=\"text-align: center;\"><strong><img loading=\"lazy\" class=\"aligncenter size-full wp-image-7990\" title=\"mani29MBU\" src=\"http:\/\/diariodevurgos.com\/dvwps\/wp-content\/uploads\/2012\/03\/mani29MBU.JPG\" alt=\"mani29MBU\" width=\"604\" height=\"144\" srcset=\"https:\/\/diariodevurgos.com\/dvwps\/wp-content\/uploads\/2012\/03\/mani29MBU.JPG 700w, https:\/\/diariodevurgos.com\/dvwps\/wp-content\/uploads\/2012\/03\/mani29MBU-300x71.jpg 300w\" sizes=\"(max-width: 604px) 100vw, 604px\" \/><br \/>\n<\/strong><\/p>\n<p>Por otro lado, desde planteamientos asamblearios y anticapitalistas la <strong>Asamblea de Gamonal del Movimiento 15-M <\/strong>ha hecho un<a title=\"Huelga de consumo 29 de marzo\" href=\"http:\/\/gamonal.tomalosbarrios.net\/2012\/03\/24\/huelga-de-consumo-29-de-marzo-2011\/\"> llamamiento para secundar la huelga de consumo<\/a> que hay programada para este mismo 29 de marzo. Se trata de una iniciativa que &#8220;pretende\u00a0 no excluir de la protesta a aquellos sectores sociales no vinculados directamente con actividades productivas\u00a0 que pueden igualmente manifestar su rechazo mediante esta huelga de consumo&#8221;\u009d. Adem\u00e1s desde su<a title=\"Huelga desde planteamientos auto-organizativos\" href=\"http:\/\/gamonal.tomalosbarrios.net\/2012\/03\/24\/dejemos-huella-en-nuestro-momento-historico-hacia-la-huelga-general-desde-la-auto-organizacion-y-la-auto-gestion\/\"> blog<\/a>, esta asamblea que contin\u00faa enarbolando la bandera combativa de la indignaci\u00f3n en los barrios, hace un llamamiento a participar de forma activa en esta jornada de huelga general atrevi\u00e9ndose a gritar que otra vida es posible y que esta puede empezar desde el 29 de marzo.<\/p>\n<p style=\"text-align: center;\"><img loading=\"lazy\" class=\"aligncenter\" title=\"Huelga de Consumo\" src=\"http:\/\/www.rojoynegro.info\/sites\/default\/files\/resize\/remote\/617c6b8318be70a8a33f01391d03448f-320x453.png\" alt=\"\" width=\"320\" height=\"453\" \/><\/p>\n<p>Es necesario tambi\u00e9n se\u00f1alar que desde\u00a0 <a title=\"Estudiantes enrabiados\" href=\"http:\/\/estudiantesenrabiadxs.blogspot.com.es\/2012\/03\/huelga-29-de-marzo.html\">asambleas de institutos de Burgos<\/a> se est\u00e1n tambi\u00e9n realizando un llamemineto para la jornada del 29 de marzo sea tambi\u00e9n una jornada en la que <strong>los estudiantes <\/strong>a trav\u00e9s de la auto-organizaci\u00f3n en cada centro de estudio se sumen tambi\u00e9n a las protestas.<\/p>\n<p>Por \u00faltimo <strong>colectivos anarquistas de la ciudad de Burgos<\/strong> est\u00e1n realizando un llamamiento para tratar de que la cita del 29 de marzo se convierta en un punto de inflexi\u00f3n de cara a un crecimiento exponencial de la conflictividad social.<\/p>\n","protected":false},"excerpt":{"rendered":"<p>La pr\u00f3xima jornada de Huelga General convocada para el 29 de marzo cuenta en Burgos con varias iniciativas programadas por organizaciones libertarias que &#8220;pretenden dar cobertura a una confrontaci\u00f3n real y continuada, para devolver las agresiones contra la clase trabajadora con el mismo grado de contundencia con el que las estamos recibiendo&#8221;\u009d.<\/p>\n","protected":false},"author":2,"featured_media":0,"comment_status":"open","ping_status":"closed","sticky":false,"template":"","format":"standard","meta":[],"categories":[2,57,60,49],"tags":[],"_links":{"self":[{"href":"https:\/\/diariodevurgos.com\/dvwps\/wp-json\/wp\/v2\/posts\/7989"}],"collection":[{"href":"https:\/\/diariodevurgos.com\/dvwps\/wp-json\/wp\/v2\/posts"}],"about":[{"href":"https:\/\/diariodevurgos.com\/dvwps\/wp-json\/wp\/v2\/types\/post"}],"author":[{"embeddable":true,"href":"https:\/\/diariodevurgos.com\/dvwps\/wp-json\/wp\/v2\/users\/2"}],"replies":[{"embeddable":true,"href":"https:\/\/diariodevurgos.com\/dvwps\/wp-json\/wp\/v2\/comments?post=7989"}],"version-history":[{"count":4,"href":"https:\/\/diariodevurgos.com\/dvwps\/wp-json\/wp\/v2\/posts\/7989\/revisions"}],"predecessor-version":[{"id":8032,"href":"https:\/\/diariodevurgos.com\/dvwps\/wp-json\/wp\/v2\/posts\/7989\/revisions\/8032"}],"wp:attachment":[{"href":"https:\/\/diariodevurgos.com\/dvwps\/wp-json\/wp\/v2\/media?parent=7989"}],"wp:term":[{"taxonomy":"category","embeddable":true,"href":"https:\/\/diariodevurgos.com\/dvwps\/wp-json\/wp\/v2\/categories?post=7989"},{"taxonomy":"post_tag","embeddable":true,"href":"https:\/\/diariodevurgos.com\/dvwps\/wp-json\/wp\/v2\/tags?post=7989"}],"curies":[{"name":"wp","href":"https:\/\/api.w.org\/{rel}","templated":true}]}}