{"id":8084,"date":"2012-04-20T20:41:41","date_gmt":"2012-04-20T19:41:41","guid":{"rendered":"http:\/\/diariodevurgos.com\/dvwps\/?p=8084"},"modified":"2012-04-22T22:41:24","modified_gmt":"2012-04-22T21:41:24","slug":"jornadas-rurales-en-defensa-de-la-tierra-itero-de-la-vega","status":"publish","type":"post","link":"https:\/\/diariodevurgos.com\/dvwps\/jornadas-rurales-en-defensa-de-la-tierra-itero-de-la-vega.php","title":{"rendered":"Jornadas rurales en defensa de la Tierra en Itero de la Vega"},"content":{"rendered":"<p class=\"lead\"><img loading=\"lazy\" class=\"alignright size-thumbnail wp-image-8094\" title=\"defensa de la tierra\" src=\"http:\/\/diariodevurgos.com\/dvwps\/wp-content\/uploads\/2012\/04\/defensa-de-la-tierra-150x150.jpg\" alt=\"defensa de la tierra\" width=\"126\" height=\"126\" srcset=\"https:\/\/diariodevurgos.com\/dvwps\/wp-content\/uploads\/2012\/04\/defensa-de-la-tierra-150x150.jpg 150w, https:\/\/diariodevurgos.com\/dvwps\/wp-content\/uploads\/2012\/04\/defensa-de-la-tierra-300x300.jpg 300w, https:\/\/diariodevurgos.com\/dvwps\/wp-content\/uploads\/2012\/04\/defensa-de-la-tierra.jpg 626w\" sizes=\"(max-width: 126px) 100vw, 126px\" \/>Los pr\u00f3ximos <strong>28 y 29 de abril<\/strong> tendr\u00e1n lugar unas jornadas rurales en defensa de la Tierra en Itero de la Vega (Palencia), donde se desarrollaran actividades entorno a la fractura hidr\u00e1ulica, transg\u00e9nicos, minas a cielo abierto&#8230;, todo ello amenizado con la compa\u00f1\u00ed\u00ada de cantautores y una jam-sessi\u00f3n.<!--more--><\/p>\n<p>Habr\u00e1 sitios para dormir y comer a precios populares, los posibles  beneficios ir\u00e1n destinados a la creaci\u00f3n de una imprenta autogestionada.<\/p>\n<p style=\"text-align: center;\"><img loading=\"lazy\" class=\"size-large wp-image-8088 aligncenter\" title=\"carteljornasrurales\" src=\"http:\/\/diariodevurgos.com\/dvwps\/wp-content\/uploads\/2012\/04\/carteljornasrurales1-1024x724.jpg\" alt=\"carteljornasrurales\" width=\"717\" height=\"507\" srcset=\"https:\/\/diariodevurgos.com\/dvwps\/wp-content\/uploads\/2012\/04\/carteljornasrurales1-1024x724.jpg 1024w, https:\/\/diariodevurgos.com\/dvwps\/wp-content\/uploads\/2012\/04\/carteljornasrurales1-300x212.jpg 300w, https:\/\/diariodevurgos.com\/dvwps\/wp-content\/uploads\/2012\/04\/carteljornasrurales1.jpg 1653w\" sizes=\"(max-width: 717px) 100vw, 717px\" \/><\/p>\n","protected":false},"excerpt":{"rendered":"<p>Los pr\u00f3ximos 28 y 29 de abril tendr\u00e1n lugar unas jornadas rurales en defensa de la Tierra en Itero de la Vega (Palencia), donde se desarrollaran actividades entorno a la fractura hidr\u00e1ulica, transg\u00e9nicos, minas a cielo abierto&#8230;, todo ello amenizado con la compa\u00f1\u00ed\u00ada de cantautores y una jam-sessi\u00f3n.<\/p>\n","protected":false},"author":8,"featured_media":0,"comment_status":"open","ping_status":"closed","sticky":false,"template":"","format":"standard","meta":[],"categories":[57,54],"tags":[],"_links":{"self":[{"href":"https:\/\/diariodevurgos.com\/dvwps\/wp-json\/wp\/v2\/posts\/8084"}],"collection":[{"href":"https:\/\/diariodevurgos.com\/dvwps\/wp-json\/wp\/v2\/posts"}],"about":[{"href":"https:\/\/diariodevurgos.com\/dvwps\/wp-json\/wp\/v2\/types\/post"}],"author":[{"embeddable":true,"href":"https:\/\/diariodevurgos.com\/dvwps\/wp-json\/wp\/v2\/users\/8"}],"replies":[{"embeddable":true,"href":"https:\/\/diariodevurgos.com\/dvwps\/wp-json\/wp\/v2\/comments?post=8084"}],"version-history":[{"count":8,"href":"https:\/\/diariodevurgos.com\/dvwps\/wp-json\/wp\/v2\/posts\/8084\/revisions"}],"predecessor-version":[{"id":8092,"href":"https:\/\/diariodevurgos.com\/dvwps\/wp-json\/wp\/v2\/posts\/8084\/revisions\/8092"}],"wp:attachment":[{"href":"https:\/\/diariodevurgos.com\/dvwps\/wp-json\/wp\/v2\/media?parent=8084"}],"wp:term":[{"taxonomy":"category","embeddable":true,"href":"https:\/\/diariodevurgos.com\/dvwps\/wp-json\/wp\/v2\/categories?post=8084"},{"taxonomy":"post_tag","embeddable":true,"href":"https:\/\/diariodevurgos.com\/dvwps\/wp-json\/wp\/v2\/tags?post=8084"}],"curies":[{"name":"wp","href":"https:\/\/api.w.org\/{rel}","templated":true}]}}