{"id":816,"date":"2007-10-11T21:39:34","date_gmt":"2007-10-11T20:39:34","guid":{"rendered":"http:\/\/diariodevurgos.com\/dvwps\/peticion-fiscal-para-los-encausados-de-eladio-perlado.php"},"modified":"2009-03-02T23:43:01","modified_gmt":"2009-03-02T22:43:01","slug":"peticion-fiscal-para-los-encausados-de-eladio-perlado","status":"publish","type":"post","link":"https:\/\/diariodevurgos.com\/dvwps\/peticion-fiscal-para-los-encausados-de-eladio-perlado.php","title":{"rendered":"Petici\u00f3n fiscal para los encausados de Eladio Perlado"},"content":{"rendered":"<p class=\"lead\"><img align=\"right\" id=\"image760\" title=\"baner 2\" alt=\"baner 2\" src=\"http:\/\/diariodevurgos.com\/dvwps\/wp-content\/uploads\/2007\/09\/banner2.miniatura.jpg\" \/>Se he hecho definitivamente p\u00fablica la petici\u00f3n que solicita el Ministerio Fiscal para los 8 vecinos encausados por los hechos de la tarde-noche del 18 de Agosto de 2005.<!--more--><\/p>\n<p>Recientemente se ha dado a conocer la petici\u00f3n fiscal que ha emitido el Ministerio P\u00fablico contra los 8 vecinos procesado por los hechos ocurridos en la avenida Eladio Perlado durante el transcurso de la tarde-noche del 18 de agosto de 2005. En su escrito de acusaci\u00f3n la fiscal\u00ed\u00ada solicita un a\u00f1o y medio de reclusi\u00f3n para cada uno de los 7 vecinos procesados que fueron detenidos aquella noche, lo que suma un total de 11 a\u00f1os de reclusi\u00f3n.<\/p>\n<p align=\"center\"><a class=\"imagelink\" title=\"imagen\" href=\"http:\/\/diariodevurgos.com\/dvwps\/wp-content\/uploads\/2007\/10\/imagen3.jpg\" \/><a class=\"imagelink\" title=\"imagen\" href=\"http:\/\/diariodevurgos.com\/dvwps\/wp-content\/uploads\/2007\/10\/imagen3.jpg\"><img id=\"image814\" alt=\"imagen\" src=\"http:\/\/diariodevurgos.com\/dvwps\/wp-content\/uploads\/2007\/10\/imagen3peque.jpg\" \/><\/a><br \/>\nDentro de las particularidades que presenta este escrito, se ha solicitado una multa de 6 euros diarios durante 18 meses para uno de los procesados, as\u00ed\u00ad como la de un a\u00f1o y seis meses de prisi\u00f3n  para la persona que recientemente ha sido incluida en el proceso bajo la acusaci\u00f3n de atentado a la autoridad y conducci\u00f3n temeraria (acusaci\u00f3n fabricada <em>ex profeso<\/em> por la Polic\u00ed\u00ada Local tras ser denunciada por da\u00f1ar el coche de esta persona). Para todos los encausados se solicita una <em>inhabilitaci\u00f3n especial de ejercer el sufragio pasivo durante la condena<\/em>. No es esta la \u00fanica cl\u00e1usula particular que incluye el escrito de acusaci\u00f3n, a los acusados se les requiere para que en el plazo de un d\u00ed\u00ada, una vez notificado el auto, depositen la cantidad de 17.174 euros en condici\u00f3n de fianza con apercibimiento de embargo.<\/p>\n<p align=\"center\"><img id=\"image818\" alt=\"parquing\" src=\"http:\/\/diariodevurgos.com\/dvwps\/wp-content\/uploads\/2007\/10\/untitled.jpg\" \/><\/p>\n<p>A pesar de que la petici\u00f3n fiscal rebaja ostensiblemente la realizada por la acusaci\u00f3n particular (el Ayuntamiento de Burgos solicita penas de entre 7 y 8 a\u00f1os para cada uno de los detenidos, algo que ni siquiera viene contemplado en su c\u00f3digo penal), en su escrito, el Ministerio Fiscal contin\u00faa insistiendo en la teor\u00ed\u00ada acusatoria dise\u00f1ada por el consistorio en la que se viene afirmando, y citamos textualmente: &#8221; un grupo de 20 j\u00f3venes derribaron las vallas del per\u00ed\u00admetro destinado a las obras del aparcamiento y protagonizaron enfrentamientos con la Polic\u00ed\u00ada Local y Nacional cuando los agentes intervinieron para poner fin a aquellos actos vand\u00e1licos&#8221;\u009d.<\/p>\n<p>Argumentaciones estas que no cuadran con los hechos, que pretenden escarmentar a unos pocos para que, con su pedagog\u00ed\u00ada del miedo, escarment\u00e9 un barrio entero, y que de alguna manera, recuerdan a aquellas declaraciones en las que se suger\u00ed\u00ada un desembarco de la <em>Kale-Borroka<\/em> en Gamonal. Con todo, en el escrito de acusaci\u00f3n, la fiscal\u00ed\u00ada reconoce que &#8220;no est\u00e1 probado que los acusados fueran los autores de los da\u00f1os al mobiliario urbano y que actuaran de com\u00fan acuerdo&#8221;\u009d.<\/p>\n<p>En breve se iniciar\u00e1n movilizaciones en solidaridad con los vecinos y compa\u00f1eros encausados para no dejarlos solos ante el linchamiento p\u00fablico al que pretenden someterlos.<\/p>\n<p><strong><a title=\"No al Parking\" href=\"http:\/\/www.klinamen.org\/noalparking\/\">Solidaridad con los encausados<\/a><\/strong><\/p>\n","protected":false},"excerpt":{"rendered":"<p>Se he hecho definitivamente p\u00fablica la petici\u00f3n que solicita el Ministerio Fiscal para los 8 vecinos encausados por los hechos de la tarde-noche del 18 de Agosto de 2005.<\/p>\n","protected":false},"author":8,"featured_media":0,"comment_status":"open","ping_status":"open","sticky":false,"template":"","format":"standard","meta":[],"categories":[2,17,43],"tags":[],"_links":{"self":[{"href":"https:\/\/diariodevurgos.com\/dvwps\/wp-json\/wp\/v2\/posts\/816"}],"collection":[{"href":"https:\/\/diariodevurgos.com\/dvwps\/wp-json\/wp\/v2\/posts"}],"about":[{"href":"https:\/\/diariodevurgos.com\/dvwps\/wp-json\/wp\/v2\/types\/post"}],"author":[{"embeddable":true,"href":"https:\/\/diariodevurgos.com\/dvwps\/wp-json\/wp\/v2\/users\/8"}],"replies":[{"embeddable":true,"href":"https:\/\/diariodevurgos.com\/dvwps\/wp-json\/wp\/v2\/comments?post=816"}],"version-history":[{"count":1,"href":"https:\/\/diariodevurgos.com\/dvwps\/wp-json\/wp\/v2\/posts\/816\/revisions"}],"predecessor-version":[{"id":2462,"href":"https:\/\/diariodevurgos.com\/dvwps\/wp-json\/wp\/v2\/posts\/816\/revisions\/2462"}],"wp:attachment":[{"href":"https:\/\/diariodevurgos.com\/dvwps\/wp-json\/wp\/v2\/media?parent=816"}],"wp:term":[{"taxonomy":"category","embeddable":true,"href":"https:\/\/diariodevurgos.com\/dvwps\/wp-json\/wp\/v2\/categories?post=816"},{"taxonomy":"post_tag","embeddable":true,"href":"https:\/\/diariodevurgos.com\/dvwps\/wp-json\/wp\/v2\/tags?post=816"}],"curies":[{"name":"wp","href":"https:\/\/api.w.org\/{rel}","templated":true}]}}