{"id":8187,"date":"2012-05-07T00:56:02","date_gmt":"2012-05-06T23:56:02","guid":{"rendered":"http:\/\/diariodevurgos.com\/dvwps\/?p=8187"},"modified":"2012-05-07T01:08:05","modified_gmt":"2012-05-07T00:08:05","slug":"convocatoria-de-huelga-general-de-estudiantes-en-burgos","status":"publish","type":"post","link":"https:\/\/diariodevurgos.com\/dvwps\/convocatoria-de-huelga-general-de-estudiantes-en-burgos.php","title":{"rendered":"Convocatoria de huelga general de estudiantes en Burgos"},"content":{"rendered":"<p class=\"lead\">El pr\u00f3ximo <strong>jueves 10 de mayo<\/strong> hay convocada una <strong>huelga general de estudiantes<\/strong> que ser\u00e1 tambi\u00e9n secundada en Burgos. Desde planteamientos <a title=\"Estudiantes enrabiados\" href=\"http:\/\/estudiantesenrabiadxs.blogspot.com.es\/2012\/05\/dia-10-de-mayo-huelga-de-estudiantes.html\">asamblearios y antiautoritarios<\/a> se hace un llamamiento a participar en esta jornada de movilizaci\u00f3n que apuesta por la auto-organizaci\u00f3n como herramienta de lucha.<\/p>\n<p style=\"text-align: center;\"><img loading=\"lazy\" class=\"aligncenter size-full wp-image-8190\" title=\"HUELGA GENERAL ESTUDIANTES 10 DE MAYO\" src=\"http:\/\/diariodevurgos.com\/dvwps\/wp-content\/uploads\/2012\/05\/HUELGA-GENERAL-ESTUDIANTES-10-DE-MAYO.jpg\" alt=\"HUELGA GENERAL ESTUDIANTES 10 DE MAYO\" width=\"376\" height=\"281\" srcset=\"https:\/\/diariodevurgos.com\/dvwps\/wp-content\/uploads\/2012\/05\/HUELGA-GENERAL-ESTUDIANTES-10-DE-MAYO.jpg 1024w, https:\/\/diariodevurgos.com\/dvwps\/wp-content\/uploads\/2012\/05\/HUELGA-GENERAL-ESTUDIANTES-10-DE-MAYO-300x225.jpg 300w\" sizes=\"(max-width: 376px) 100vw, 376px\" \/><\/p>\n<p><!--more--><\/p>\n<p style=\"text-align: center;\"><img loading=\"lazy\" class=\"aligncenter size-full wp-image-8188\" title=\"Cartel huelgawebpeque\" src=\"http:\/\/diariodevurgos.com\/dvwps\/wp-content\/uploads\/2012\/05\/Cartel-huelgawebpeque.jpg\" alt=\"Cartel huelgawebpeque\" width=\"533\" height=\"746\" \/><\/p>\n<p style=\"text-align: center;\">\n<p style=\"text-align: center;\">\n","protected":false},"excerpt":{"rendered":"<p>El pr\u00f3ximo jueves 10 de mayo hay convocada una huelga general de estudiantes que ser\u00e1 tambi\u00e9n secundada en Burgos. Desde planteamientos asamblearios y antiautoritarios se hace un llamamiento a participar en esta jornada de movilizaci\u00f3n que apuesta por la auto-organizaci\u00f3n como herramienta de lucha.<\/p>\n","protected":false},"author":2,"featured_media":0,"comment_status":"open","ping_status":"closed","sticky":false,"template":"","format":"standard","meta":[],"categories":[2,57,28,58,60],"tags":[],"_links":{"self":[{"href":"https:\/\/diariodevurgos.com\/dvwps\/wp-json\/wp\/v2\/posts\/8187"}],"collection":[{"href":"https:\/\/diariodevurgos.com\/dvwps\/wp-json\/wp\/v2\/posts"}],"about":[{"href":"https:\/\/diariodevurgos.com\/dvwps\/wp-json\/wp\/v2\/types\/post"}],"author":[{"embeddable":true,"href":"https:\/\/diariodevurgos.com\/dvwps\/wp-json\/wp\/v2\/users\/2"}],"replies":[{"embeddable":true,"href":"https:\/\/diariodevurgos.com\/dvwps\/wp-json\/wp\/v2\/comments?post=8187"}],"version-history":[{"count":3,"href":"https:\/\/diariodevurgos.com\/dvwps\/wp-json\/wp\/v2\/posts\/8187\/revisions"}],"predecessor-version":[{"id":8192,"href":"https:\/\/diariodevurgos.com\/dvwps\/wp-json\/wp\/v2\/posts\/8187\/revisions\/8192"}],"wp:attachment":[{"href":"https:\/\/diariodevurgos.com\/dvwps\/wp-json\/wp\/v2\/media?parent=8187"}],"wp:term":[{"taxonomy":"category","embeddable":true,"href":"https:\/\/diariodevurgos.com\/dvwps\/wp-json\/wp\/v2\/categories?post=8187"},{"taxonomy":"post_tag","embeddable":true,"href":"https:\/\/diariodevurgos.com\/dvwps\/wp-json\/wp\/v2\/tags?post=8187"}],"curies":[{"name":"wp","href":"https:\/\/api.w.org\/{rel}","templated":true}]}}