{"id":826,"date":"2007-10-17T19:19:12","date_gmt":"2007-10-17T18:19:12","guid":{"rendered":"http:\/\/diariodevurgos.com\/dvwps\/su-justicia-no-es-justicia-la-carcel-es-para-los-pobres.php"},"modified":"2007-10-17T19:19:12","modified_gmt":"2007-10-17T18:19:12","slug":"su-justicia-no-es-justicia-la-carcel-es-para-los-pobres","status":"publish","type":"post","link":"https:\/\/diariodevurgos.com\/dvwps\/su-justicia-no-es-justicia-la-carcel-es-para-los-pobres.php","title":{"rendered":"Su &#8220;Justicia&#8221; no es justicia. La c\u00e1rcel es para los pobres"},"content":{"rendered":"<p class=\"lead\"><img id=\"image483\" title=\"abriendo puertas\" alt=\"abriendo puertas\" src=\"http:\/\/diariodevurgos.com\/dvwps\/wp-content\/uploads\/2007\/06\/144030474_2f8e29f0be_o.miniatura.jpg\" align=\"right\" \/>El grupo de apoyo a Isabel, <strong>presa social de origen burgal\u00e9s<\/strong>\u00a0secuestrada por el estado franc\u00e9s, organiza unas jornadas contra el sistema judicial y penitenciario , en las cuales se pretende hacer un an\u00e1lisis de lo que suponen las prisiones a nivel estructural dentro del sistema capitalista. Las Jornadas tendr\u00e1n lugar en el <strong>CSO La Traba<\/strong> de Madrid.<!--more--><\/p>\n<p>\u00a0<\/p>\n<p>En el estado espa\u00f1ol hay m\u00e1s de 65.000 personas privadas de libertad. M\u00e1s del 90 % de las mismas lo son por delitos socio-econ\u00f3micos, que son una consecuencia directa de las desigualdades generadas por el sistema. Sin embargo, para el resto de la sociedad estas personas simplemente no existen.<\/p>\n<p>Estar en una prisi\u00f3n es algo que marca por siempre a cualquiera. Desde el poder nos hacen creer que el sistema penitenciario se basa en el principio de &#8220;reinserci\u00f3n&#8221;, pero la realidad en estos fr\u00ed\u00ados y deshumanizados centros es muy lejana a la ideal para conseguir esta supuesta &#8220;reinserci\u00f3n&#8221;. Lo peor que se puede hacer a una persona con problemas es alejarla de su familia, amistades y de toda la sociedad, y encerrarla en un sitio donde se encuentra aislada y privada de las libertades y derechos m\u00e1s elementales. Dentro, es a\u00fan peor que fuera. Es otro mundo totalmente distinto, donde no reciben el trato de dignidad que se merece cualquier persona. Muchxs de ellxs se vuelven sumisos y tristes. Las depresiones, problemas psicol\u00f3gicos y psiqui\u00e1tricos, la marginaci\u00f3n as\u00ed\u00ad como la adicci\u00f3n a las drogas derivan en un empeoramiento de la salud, haciendo de sus vidas un verdadero infierno. Por todo esto, denunciamos que en las prisiones se practica de una manera sistem\u00e1tica la tortura, tanto psicol\u00f3gica como f\u00ed\u00adsica.<\/p>\n<p>Por ello, desde el Grupo de Apoyo a Isabel hemos querido organizar unas jornadas acerca del sistema judicial y penitenciario los d\u00ed\u00adas 2 y 3 de noviembre en el C.S.O. La Traba, para abrir el debate y la reflexi\u00f3n. Los beneficios que se obtengan en estas jornadas ir\u00e1n destinados al caso de Isabel, una mujer de 43 a\u00f1os que lleva encarcelada m\u00e1s de 10 meses en la prisi\u00f3n de Fleury-Mer\u00f3gis, al sur de Paris, a la espera de juicio. Isabel, al estar presionada por el asedio de diversos acreedores, y ante la posibilidad real e inmediata de ser expulsada de la vivienda de alquiler en la viv\u00ed\u00ada, tom\u00f3 la dif\u00ed\u00adcil y dura decisi\u00f3n de caer en la ilegalidad, presa de la desesperaci\u00f3n econ\u00f3mica. En una sociedad individualista y cruel como en la que vivimos, el que debe dinero es asediado y perseguido hasta que cae en la miseria. Adem\u00e1s de asumir la dif\u00ed\u00adcil situaci\u00f3n de su encarcelaci\u00f3n en una prisi\u00f3n lejana, a sus familiares m\u00e1s pr\u00f3ximos, sus dos hijos, se les plantea como una tarea casi imposible costearle una defensa digna.<\/p>\n<p>El caso de Isabel es solo uno m\u00e1s, pues desgraciadamente son muchas las personas que viven, han vivido o vivir\u00e1n una situaci\u00f3n como \u00e9sta. El tema de lxs presxs sociales y la situaci\u00f3n de lxs mismxs dentro de la c\u00e1rcel se esconde al resto de la poblaci\u00f3n, haciendo que casi nadie se plantee qu\u00e9 consecuencias tiene este sistema penitenciario. Los medios de comunicaci\u00f3n contribuyen a mantener a la opini\u00f3n p\u00fablica en el desconocimiento o la ignorancia, ya que es un tema que no tratan o analizan de forma sesgada y simplista. Con la intenci\u00f3n de romper este silencio medi\u00e1tico, realizaremos en las jornadas varias charlas y debates, en lxs que participar\u00e1n miembros del colectivo Sahlaketa (organizaci\u00f3n de Euskal Herria que lleva denunciando la realidad de las prisiones y la tortura m\u00e1s de 25 a\u00f1os), Bego\u00f1a Lalana (abogada de la Asociaci\u00f3n Libre de Abogados), un preso social en lucha, una integrante de Madres contra la Droga, as\u00ed\u00ad como varias personas conocedoras de la realidad carcelaria.<\/p>\n<p>Sin embargo, queremos dejar bien claro que la mejor solidaridad con el caso de Isabel, as\u00ed\u00ad como con todxs lxs presxs que se encuentran en una situaci\u00f3n similar, es analizar la realidad de las prisiones, denunciar las injusticias que generan y luchar por la transformaci\u00f3n de la sociedad. Asimismo, hacemos un llamamiento a personas individuales, colectivos y organizaciones anticapitalistas y anticarcelarias a continuar y a retomar la solidaridad y las luchas por los presxs sociales. Del mismo modo, queremos mostrar nuestro apoyo a lxs compa\u00f1erxs que est\u00e1n difundiendo y llevando a cabo la campa\u00f1a en contra de las penas de larga duraci\u00f3n, as\u00ed\u00ad como a todxs lxs presxs que est\u00e1n en lucha.<\/p>\n<p><strong>\u00a1NUNCA LOGRAR\u00ed\u0081N CALLAR LAS VOCES QUE RECLAMAN JUSTICIA Y LIBERTAD!<\/strong><\/p>\n<p><strong>\u00a1LIBERTAD ISABEL, LIBERTAD TODXS!<\/strong><br \/>\n&#8212;&#8212;&#8212;&#8212;&#8212;&#8212;&#8212;&#8212;&#8212;&#8212;&#8212;&#8212;&#8212;&#8212;&#8212;&#8212;&#8212;&#8212;&#8212;&#8212;&#8212;&#8212;&#8212;&#8212;&#8212;&#8212;&#8212;&#8212;<br \/>\nJornadas contra el sistema judicial y penitenciario<br \/>\n<strong>Viernes 2 de Noviembre:<\/strong><\/p>\n<p>&#8211; 18:00: Charla \u2013 debate: La situaci\u00f3n en las c\u00e1rceles en el estado espa\u00f1ol ( Colectivo Salhaketa Bizkaia) y an\u00e1lisis de los delitos &#8220;sociales&#8221;\u009d en el sistema judicial (Bego\u00f1a Lalana, Asociaci\u00f3n Libre de Abogados).<\/p>\n<p>&#8211; 20:30: Cenador vegano.<\/p>\n<p>&#8211; 21:30: Conciertillo de cantautorxs:<\/p>\n<p>&#8211; L\u00e1grimas de barro<br \/>\n&#8211; Coraz\u00f3n Negro<br \/>\n&#8211; K.O.senso<br \/>\n<strong>S\u00e1bado 3 de Noviembre:<\/strong><br \/>\n&#8211; 14:30: Comedor popular vegano, amenizado por lecturas de textos sobre prisiones y escritos de presxs.<\/p>\n<p>&#8211; 16:00: Taller de cartas a presxs:<\/p>\n<p>C\u00f3mo establecer relaci\u00f3n con una persona presa, de qu\u00e9 manera mantener la comunicaci\u00f3n, consejillos de cosas que dejan pasar a una prisi\u00f3n y cosas que no, &#8230;.<\/p>\n<p>&#8211; 18:00: Mesa redonda \u2013 debate: C\u00e1rcel, pobreza y drogas:<\/p>\n<p>Participar\u00e1n en el mismo un preso social en lucha, una persona de la asamblea de apoyo a presxs de barcelona, una integrante de &#8220;Madres contra la droga&#8221;\u009d y un miembrx del Grupo de Apoyo a Isabel.<\/p>\n<p>&#8211; 20:30: Tapeo vegano.<\/p>\n<p>&#8211; 21:30: Conciertillo solidario:<\/p>\n<p>&#8211; HUSMO ( Crust)<br \/>\n&#8211; P.U.S. (Punk)<\/p>\n<p>Todas las actividades se realizar\u00e1n en <strong>C.S.O. La Traba<\/strong> ( Calle Batalla de Belchite, 17. Metro Legazpi, Madird).<\/p>\n<p><strong>Grupo de Apoyo a Isabel<\/strong><\/p>\n","protected":false},"excerpt":{"rendered":"<p>El grupo de apoyo a Isabel, presa social de origen burgal\u00e9s\u00a0secuestrada por el estado franc\u00e9s, organiza unas jornadas contra el sistema judicial y penitenciario , en las cuales se pretende hacer un an\u00e1lisis de lo que suponen las prisiones a nivel estructural dentro del sistema capitalista. Las Jornadas tendr\u00e1n lugar en el CSO La Traba&#8230;  <a href=\"https:\/\/diariodevurgos.com\/dvwps\/su-justicia-no-es-justicia-la-carcel-es-para-los-pobres.php\" class=\"more-link\" title=\"Read Su &#8220;Justicia&#8221; no es justicia. La c\u00e1rcel es para los pobres\">Read more &raquo;<\/a><\/p>\n","protected":false},"author":9,"featured_media":0,"comment_status":"open","ping_status":"open","sticky":false,"template":"","format":"standard","meta":[],"categories":[22],"tags":[],"_links":{"self":[{"href":"https:\/\/diariodevurgos.com\/dvwps\/wp-json\/wp\/v2\/posts\/826"}],"collection":[{"href":"https:\/\/diariodevurgos.com\/dvwps\/wp-json\/wp\/v2\/posts"}],"about":[{"href":"https:\/\/diariodevurgos.com\/dvwps\/wp-json\/wp\/v2\/types\/post"}],"author":[{"embeddable":true,"href":"https:\/\/diariodevurgos.com\/dvwps\/wp-json\/wp\/v2\/users\/9"}],"replies":[{"embeddable":true,"href":"https:\/\/diariodevurgos.com\/dvwps\/wp-json\/wp\/v2\/comments?post=826"}],"version-history":[{"count":0,"href":"https:\/\/diariodevurgos.com\/dvwps\/wp-json\/wp\/v2\/posts\/826\/revisions"}],"wp:attachment":[{"href":"https:\/\/diariodevurgos.com\/dvwps\/wp-json\/wp\/v2\/media?parent=826"}],"wp:term":[{"taxonomy":"category","embeddable":true,"href":"https:\/\/diariodevurgos.com\/dvwps\/wp-json\/wp\/v2\/categories?post=826"},{"taxonomy":"post_tag","embeddable":true,"href":"https:\/\/diariodevurgos.com\/dvwps\/wp-json\/wp\/v2\/tags?post=826"}],"curies":[{"name":"wp","href":"https:\/\/api.w.org\/{rel}","templated":true}]}}