{"id":8358,"date":"2012-05-30T23:00:55","date_gmt":"2012-05-30T22:00:55","guid":{"rendered":"http:\/\/diariodevurgos.com\/dvwps\/?p=8358"},"modified":"2012-05-30T23:21:28","modified_gmt":"2012-05-30T22:21:28","slug":"burgos-capital-de-la-cruzada-o-la-dificil-tarea-del-investigador","status":"publish","type":"post","link":"https:\/\/diariodevurgos.com\/dvwps\/burgos-capital-de-la-cruzada-o-la-dificil-tarea-del-investigador.php","title":{"rendered":"Burgos Capital de la Cruzada o la dif\u00ed\u00adcil tarea del investigador"},"content":{"rendered":"<p class=\"lead\">La ciudad de Burgos jug\u00f3 un papel fundamental durante el desarrollo de la Guerra Civil convirti\u00e9ndose casi nada m\u00e1s producirse el denominado alzamiento militar en la capital pol\u00ed\u00adtica del bando franquista. \u00bfQu\u00e9 elementos contribuyeron a que nuestra ciudad ostentase el dudoso honor de\u00a0 ser la <em>Capital de la Cruzada<\/em>? \u00bfQu\u00e9 circunstancias determinaron que en Burgos se ubicara la <strong>Junta de Defensa Nacional<\/strong> en el verano de 1936 y el <strong>primer gobierno de Franco en 1938<\/strong>?.<\/p>\n<p style=\"text-align: center;\"><img loading=\"lazy\" class=\"aligncenter size-medium wp-image-8362\" title=\"Cartel de Franco en Burgos 2\" src=\"http:\/\/diariodevurgos.com\/dvwps\/wp-content\/uploads\/2012\/05\/Cartel-de-Franco-en-Burgos-2-300x193.jpg\" alt=\"Cartel de Franco en Burgos 2\" width=\"343\" height=\"220\" srcset=\"https:\/\/diariodevurgos.com\/dvwps\/wp-content\/uploads\/2012\/05\/Cartel-de-Franco-en-Burgos-2-300x193.jpg 300w, https:\/\/diariodevurgos.com\/dvwps\/wp-content\/uploads\/2012\/05\/Cartel-de-Franco-en-Burgos-2.jpg 720w\" sizes=\"(max-width: 343px) 100vw, 343px\" \/><\/p>\n<p>Para responder a estos y otros interrogantes, <a title=\"Entrevista a Luis Castro en Radio Onda Expansiva\" href=\"http:\/\/ondaexpansiva.net\/?p=1289\">Radio Onda Expansiva ha entrevistado a Luis Castro<\/a>, autor de <a title=\"Capital de la Cruzada\" href=\"http:\/\/ed-critica.claudator.com\/libro\/capital-de-la-cruzada-978848432722\">Capital de la Cruzada Burgos durante la Guerra Civil<\/a>, una de las pocas referencias bibliogr\u00e1ficas que existen sobre uno de los periodos m\u00e1s sombr\u00ed\u00ados de la historia de Burgos que no deja de proyectarse en el presente. Un periodo que contin\u00faa siendo tab\u00fa y sobre la dificultad que plantea siempre su investigaci\u00f3n se reflexiona en este breve art\u00ed\u00adculo.<!--more--><\/p>\n<p>Existen multitud de estudios y referencias bibliogr\u00e1ficas que nos aproximan a la historia de la ciudad de Burgos. Para aquellos que quieran conocer su desarrollo durante el Medievo o la transcendencia de sus \u00e9lites econ\u00f3micas en el siglo XVI no tendr\u00e1n problema alguno en acercarse a la basta cantidad de libros y rese\u00f1as pormenorizadas que existen al respecto. Incluso aquellos que quieran aventurarse en conocer qui\u00e9nes fueron los primeros habitantes de Europa cuyos restos se encuentran en Atapuerca, a escasos 20 kil\u00f3metros de la ciudad, pueden acceder a un sin fin de trabajos sobre el tema.<\/p>\n<p>Sin embargo, la cuesti\u00f3n comienza a complicarse si el periodo de la historia de Burgos que queremos abordar es el comprendido entre julio de 1936 y abril de 1939.\u00a0 Existen, por supuesto, honrosas excepciones como<a title=\"Libro de Isaac Rilova\" href=\"http:\/\/www.agapea.com\/libros\/GUERRA-CIVIL-VIOLENCIA-POLITICA-BURGOS-1936-43-9788487528262-i.htm\"> Guerra Civil y violencia pol\u00ed\u00adtica en Burgos, 1936-1943<\/a> de<strong> Isaac Rilova<\/strong> que durante a\u00f1os ha sido casi el \u00fanico de los trabajos hist\u00f3ricos que han analizado el desarrollo de la Guerra Civil en Burgos.<\/p>\n<p style=\"text-align: center;\"><img loading=\"lazy\" class=\"aligncenter size-full wp-image-8360\" title=\"Libro Isaac Rilova\" src=\"http:\/\/diariodevurgos.com\/dvwps\/wp-content\/uploads\/2012\/05\/Libro-Isaac-Rilova.jpg\" alt=\"Libro Isaac Rilova\" width=\"312\" height=\"377\" srcset=\"https:\/\/diariodevurgos.com\/dvwps\/wp-content\/uploads\/2012\/05\/Libro-Isaac-Rilova.jpg 312w, https:\/\/diariodevurgos.com\/dvwps\/wp-content\/uploads\/2012\/05\/Libro-Isaac-Rilova-248x300.jpg 248w\" sizes=\"(max-width: 312px) 100vw, 312px\" \/><\/p>\n<p style=\"text-align: left;\">\n<p style=\"text-align: left;\">\n<p style=\"text-align: left;\">\n<p style=\"text-align: left;\">Ese vac\u00ed\u00ado, que sin duda alguna merece una profunda reflexi\u00f3n, ha sido completado con la obra del <strong>profesor e investigador Luis Castro<\/strong><a title=\"Capital de la Cruzada\" href=\"http:\/\/ed-critica.claudator.com\/libro\/capital-de-la-cruzada-978848432722\"> Capital de la Cruzada Burgo s durante la Guerra Civil<\/a>, que recientemente Radio Onda Expansiva ha tenido la oportunidad de entrevistar en uno de sus habituales podcast.<\/p>\n<p style=\"text-align: left;\">Una obra que trata de aportar las\u00a0 claves que permitan comprender el por qu\u00e9 de la adhesi\u00f3n entusiasta de muchos burgaleses al Movimiento y el nuevo r\u00e9gimen que se configurar\u00ed\u00ada ya en nuestra ciudad desde casi el mismo inicio del conflicto b\u00e9lico.\u00a0 Una obra que adem\u00e1s nos revela la calculada represi\u00f3n que se produjo en nuestra ciudad y en la provincia de Burgos que hizo que muchos de sus habitantes fueran asesinados o dieran con sus huesos en muchos de los campos de concentraci\u00f3n que se construyeron en nuestra geograf\u00ed\u00ada.<\/p>\n<p style=\"text-align: center;\"><img loading=\"lazy\" class=\"aligncenter size-full wp-image-8361\" title=\"Libro Capital de la Cruzada\" src=\"http:\/\/diariodevurgos.com\/dvwps\/wp-content\/uploads\/2012\/05\/Libro-Capital-de-la-Cruzada.jpg\" alt=\"Libro Capital de la Cruzada\" width=\"283\" height=\"428\" srcset=\"https:\/\/diariodevurgos.com\/dvwps\/wp-content\/uploads\/2012\/05\/Libro-Capital-de-la-Cruzada.jpg 400w, https:\/\/diariodevurgos.com\/dvwps\/wp-content\/uploads\/2012\/05\/Libro-Capital-de-la-Cruzada-198x300.jpg 198w\" sizes=\"(max-width: 283px) 100vw, 283px\" \/><\/p>\n<p style=\"text-align: left;\">Es incluso complicado de entender como a\u00fan hoy en pleno siglo XXI es tarea bastante dif\u00ed\u00adcil acceder a archivos oficiales donde se almacena mucha de la informaci\u00f3n referente a la represi\u00f3n que se abati\u00f3 sobre nuestra provincia que, conviene no olvidarlo, a excepci\u00f3n del breve frente norte ubicado en Miranda de Ebro y las Merindades, a penas registr\u00f3 episodios b\u00e9licos siendo predominantemente una ciudad de retaguardia.<\/p>\n<p>Podr\u00ed\u00ada incluso sorprender al viajero que se acercase a nuestra ciudad en el final de la d\u00e9cada de los noventa el hecho de que muchas de sus calles y plazas a\u00fan conservaban el nombre de personajes y hechos relacionados con el conflicto b\u00e9lico y el posterior r\u00e9gimen franquista instaurado. El cambio del nombre de las calles origin\u00f3 torrentes de tinta cuyo an\u00e1lisis bien podr\u00ed\u00ada ser tema de un estudio antropol\u00f3gico.<\/p>\n<p>La Guerra Civil y el franquismo lastaron enormemente el desarrollo cultural, econ\u00f3mico e <a title=\"La Deportiva Militar un problema urban\u00ed\u00adstico de Burgos\" href=\"http:\/\/burgos-dijital.blogspot.com.es\/2011\/09\/la-deportiva-un-problema-urbanistico.html\">incluso urban\u00ed\u00adstico de nuestra ciudad<\/a>. Muchos argumentar\u00e1n que aquello es parte ya de pasado y hace tiempo que se ha superado, y en cierta medida as\u00ed\u00ad es. Pero no cabe duda que en Burgos sigue existiendo un, por denominarlo de alguna manera, franquismo sociol\u00f3gico que subsiste larvado en las mentalidades de las personas que conforman las instituciones m\u00e1s representativas de la ciudad.<\/p>\n<p style=\"text-align: center;\"><img loading=\"lazy\" class=\"aligncenter size-full wp-image-8359\" title=\"Cartel de Franco en Burgos\" src=\"http:\/\/diariodevurgos.com\/dvwps\/wp-content\/uploads\/2012\/05\/Cartel-de-Franco-en-Burgos.jpg\" alt=\"Cartel de Franco en Burgos\" width=\"322\" height=\"483\" srcset=\"https:\/\/diariodevurgos.com\/dvwps\/wp-content\/uploads\/2012\/05\/Cartel-de-Franco-en-Burgos.jpg 479w, https:\/\/diariodevurgos.com\/dvwps\/wp-content\/uploads\/2012\/05\/Cartel-de-Franco-en-Burgos-199x300.jpg 199w\" sizes=\"(max-width: 322px) 100vw, 322px\" \/><\/p>\n<p>Episodios como la pol\u00e9mica acerca de la candidatura de Burgos como Capital Cultural Europea de 2016 y <a title=\"Burgos 2016 y Estimas del pasado\" href=\"http:\/\/diariodevurgos.com\/dvwps\/estigmas-del-pasado.php\">las preguntas que realizadas a la delegaci\u00f3n pol\u00ed\u00adtica que representaba a Burgos <\/a>sobre c\u00f3mo se hab\u00ed\u00ada tratado de superar el lastre de los puntos m\u00e1s sombr\u00ed\u00ados de su historia y que fue esgrimido como rabieta de mal perdedor por parte de esos mismos pol\u00ed\u00adticos lo ponen de manifiesto.<\/p>\n<p style=\"text-align: left;\">Libros como el de Luis Castro ayudan a superar esos estigmas del pasado y contribuyen a comprender no solo una parte de nuestra propia historia e identidad arrebatada, sino cu\u00e1l es la forma en la que durante d\u00e9cadas se ha venido construyendo el pasado.<\/p>\n<p><strong>Modesto Agust\u00ed\u00ad<\/strong><\/p>\n<p style=\"text-align: left;\">\n<p style=\"text-align: left;\">\n<p style=\"text-align: left;\"><strong>Notas y referencias al art\u00ed\u00adculo<\/strong>:<\/p>\n<p style=\"text-align: left;\">1. Las ima\u00e9genes que aparecen han sido extraidas de <a title=\"Burgos en el recuerdo\" href=\"http:\/\/es-es.facebook.com\/media\/set\/?set=a.10150155240110638.338694.325954025637&amp;type=3\">Burgos en el recuerdo<\/a><\/p>\n<p style=\"text-align: left;\">2. Es importante citar la obra <a title=\"Doy Fe\" href=\"http:\/\/diariodevurgos.com\/dvwps\/doy-fe-un-ano-de-actuacion-en-la-espana-nacionalista.php\">Doy Fe de Antonio Ruiz Vilaplana<\/a> referente que nos acerca a c\u00f3mo se desarrollo la represi\u00f3n en Burgos.<\/p>\n<p style=\"text-align: left;\">3. Existen otras obras que analizan como se desarroll\u00f3 la Guerra Civil en la provincia de Burgos como <a title=\"Rep\u00fablica, Guerra Civil y posguerra en el Valle de Mena\" href=\"http:\/\/lacomunidad.elpais.com\/memoria-historica\/2011\/8\/20\/presentacion-libro-republica-guerra-civil-y-posguerra-el\">Rep\u00fablica, Guerra Civil y posguerra en el Valle de Mena (1931-1955)<\/a> o <a title=\"El Penal de Valdenoceda\" href=\"http:\/\/diariodevurgos.com\/dvwps\/el-penal-de-valdenoceda.php\">El penal de Valdenoceda<\/a> que aborda este campo de concentraci\u00f3n situado en las Merindades.<\/p>\n<p style=\"text-align: left;\">4. La novela <a title=\"Inquietud en el Paraiso\" href=\"http:\/\/www.lecturalia.com\/libro\/26559\/inquietud-en-el-paraiso\">Inquietud en el paraiso <\/a>del escritor burgal\u00e9s <a title=\"Entrevista a \u00ed\u201cscar Esquivias en DV\" href=\"http:\/\/diariodevurgos.com\/dvwps\/viaje-al-purgatorio-de-la-mano-de-oscar-esquivias.php\">Oscar Esquivias<\/a> nos situa dentro de una trama de ficci\u00f3n los hechos que se registraron en Burgos durante los primeros d\u00ed\u00adas del inicio de la Guerra Civil.<\/p>\n","protected":false},"excerpt":{"rendered":"<p>La ciudad de Burgos jug\u00f3 un papel fundamental durante el desarrollo de la Guerra Civil convirti\u00e9ndose casi nada m\u00e1s producirse el denominado alzamiento militar en la capital pol\u00ed\u00adtica del bando franquista. \u00bfQu\u00e9 elementos contribuyeron a que nuestra ciudad ostentase el dudoso honor de\u00a0 ser la Capital de la Cruzada? \u00bfQu\u00e9 circunstancias determinaron que en Burgos&#8230;  <a href=\"https:\/\/diariodevurgos.com\/dvwps\/burgos-capital-de-la-cruzada-o-la-dificil-tarea-del-investigador.php\" class=\"more-link\" title=\"Read Burgos Capital de la Cruzada o la dif\u00ed\u00adcil tarea del investigador\">Read more &raquo;<\/a><\/p>\n","protected":false},"author":2,"featured_media":0,"comment_status":"open","ping_status":"closed","sticky":false,"template":"","format":"standard","meta":[],"categories":[2,6,30,8,23],"tags":[],"_links":{"self":[{"href":"https:\/\/diariodevurgos.com\/dvwps\/wp-json\/wp\/v2\/posts\/8358"}],"collection":[{"href":"https:\/\/diariodevurgos.com\/dvwps\/wp-json\/wp\/v2\/posts"}],"about":[{"href":"https:\/\/diariodevurgos.com\/dvwps\/wp-json\/wp\/v2\/types\/post"}],"author":[{"embeddable":true,"href":"https:\/\/diariodevurgos.com\/dvwps\/wp-json\/wp\/v2\/users\/2"}],"replies":[{"embeddable":true,"href":"https:\/\/diariodevurgos.com\/dvwps\/wp-json\/wp\/v2\/comments?post=8358"}],"version-history":[{"count":8,"href":"https:\/\/diariodevurgos.com\/dvwps\/wp-json\/wp\/v2\/posts\/8358\/revisions"}],"predecessor-version":[{"id":8370,"href":"https:\/\/diariodevurgos.com\/dvwps\/wp-json\/wp\/v2\/posts\/8358\/revisions\/8370"}],"wp:attachment":[{"href":"https:\/\/diariodevurgos.com\/dvwps\/wp-json\/wp\/v2\/media?parent=8358"}],"wp:term":[{"taxonomy":"category","embeddable":true,"href":"https:\/\/diariodevurgos.com\/dvwps\/wp-json\/wp\/v2\/categories?post=8358"},{"taxonomy":"post_tag","embeddable":true,"href":"https:\/\/diariodevurgos.com\/dvwps\/wp-json\/wp\/v2\/tags?post=8358"}],"curies":[{"name":"wp","href":"https:\/\/api.w.org\/{rel}","templated":true}]}}