{"id":843,"date":"2007-10-22T21:37:55","date_gmt":"2007-10-22T20:37:55","guid":{"rendered":"http:\/\/diariodevurgos.com\/dvwps\/el-emperador-esta-desnudo%e2%80%a6.php"},"modified":"2007-10-22T22:00:53","modified_gmt":"2007-10-22T21:00:53","slug":"el-emperador-esta-desnudo%e2%80%a6","status":"publish","type":"post","link":"https:\/\/diariodevurgos.com\/dvwps\/el-emperador-esta-desnudo%e2%80%a6.php","title":{"rendered":"El Emperador est\u00e1 desnudo&#8230;"},"content":{"rendered":"<p class=\"lead\">Hace alg\u00fan tiempo la noticia de que <a title=\"grua\" href=\"http:\/\/diariodevurgos.com\/dvwps\/una-grua-se-cae.php\">una gr\u00faa call\u00f3 estrepitosamente<\/a> provocando el desalojo de un entero edifico en<strong> <\/strong>Capiscol fue h\u00e1bilmente ocultada por la prensa local. Parece que asistimos a un nuevo episodio de ocultaci\u00f3n informativa&#8230;.a fin de cuentas nadie se atreve a decir  lo evidente, el <em>Emperador <\/em>esta desnudo&#8230;<\/p>\n<img id=\"image839\" title=\"el 4\u00ba poder\" alt=\"el 4\u00ba poder\" src=\"http:\/\/diariodevurgos.com\/dvwps\/wp-content\/uploads\/2007\/10\/162940996_d2b1517ffd.jpg\" \/>\n<p><!--more-->Recientemente hemos tenido conocimiento de uno de los \u00faltimos trapicheos urban\u00ed\u00adsticos que est\u00e1n gest\u00e1ndose en la ciudad: la nueva sede de la <strong>C\u00e1mara de Comercio<\/strong> de Burgos, cuyo Presidente ejecutivo no es otro que el turbio personaje que responde al apellido M\u00e9ndez Pozo. Nos repetimos como el ajo pensar\u00e1 m\u00e1s de uno, la ciudad que nos ha tocado vivir tiene esta y otras peculiaridades&#8230;<\/p>\n<p>De entre las varias posibilidades que se plantean para la futura sede de la C\u00e1mara de Comercio, el solar de las Tejeras parece ser el m\u00e1s deseado por su presidente ejecutivo. Un solar que el Ayuntamiento acabar\u00e1 regalando al magnate de los medios de comunicaci\u00f3n, no es nuestro estilo el de hacer apuestas, pero en este caso podr\u00ed\u00adamos hacer una excepci\u00f3n.<\/p>\n<p>Una mordaza de silencio parece haberse impuesto sobre este tema,  nadie se atreve a hablar, nadie quiere contrariar al <em>jefe<\/em>, el miedo se extiende por la geograf\u00ed\u00ada burgalesa y a veces es preferible desempe\u00f1ar el papel de aquellos sastres embaucadores de la <strong><a title=\"El nuevo Traje del Emperador\" href=\"http:\/\/www.ciudadseva.com\/textos\/cuentos\/euro\/andersen\/trajenue.htm\">f\u00e1bula<\/a><\/strong>. Solo algunos <strong><a title=\"La calle 3\" href=\"http:\/\/lacalle3.blogspot.com\/\">pocos<\/a><\/strong>,a riesgo de las consecuencias, se atreven a gritar como el ni\u00f1o de la f\u00e1bula que el emperador esta desnudo&#8230;<\/p>\n<p align=\"center\"><img id=\"image841\" title=\"emeperador\" alt=\"emeperador\" src=\"http:\/\/diariodevurgos.com\/dvwps\/wp-content\/uploads\/2007\/10\/emperador.jpg\" \/><\/p>\n<p><em>-\u00a1Qu\u00e9 preciosos son los vestidos nuevos del Emperador! \u00a1Qu\u00e9 magn\u00ed\u00adfica cola! \u00a1Qu\u00e9 hermoso es todo!<\/em><\/p>\n<p><em>Nadie permit\u00ed\u00ada que los dem\u00e1s se diesen cuenta de que nada ve\u00ed\u00ada, para no ser tenido por incapaz en su cargo o por est\u00fapido. Ning\u00fan traje del Monarca hab\u00ed\u00ada tenido tanto \u00e9xito como aqu\u00e9l.<\/em><br \/>\n<em>-\u00a1Pero si no lleva nada! -exclam\u00f3 de pronto un ni\u00f1o.<\/em><\/p>\n<p><em>-\u00a1Dios bendito, escuchen la voz de la inocencia! -dijo su padre; y todo el mundo se fue repitiendo al o\u00ed\u00addo lo que acababa de decir el peque\u00f1o.<\/em><\/p>\n<p><em>-\u00a1No lleva nada; es un chiquillo el que dice que no lleva nada!<\/em><\/p>\n<p><em>-\u00a1Pero si no lleva nada! -grit\u00f3, al fin, el pueblo entero.<\/em><\/p>\n<p><em>Aquello inquiet\u00f3 al Emperador, pues barruntaba que el pueblo ten\u00ed\u00ada raz\u00f3n; mas pens\u00f3: \u00abHay que aguantar hasta el fin\u00bb. Y sigui\u00f3 m\u00e1s altivo que antes; y los ayudas de c\u00e1mara continuaron sosteniendo la inexistente cola.<\/em><\/p>\n<p align=\"right\"><em><em><strong>El traje nuevo del Emperador<\/strong><\/em><\/em><\/p>\n<p align=\"right\"><em>Hans Christian Andersen<\/em><\/p>\n","protected":false},"excerpt":{"rendered":"<p>Hace alg\u00fan tiempo la noticia de que una gr\u00faa call\u00f3 estrepitosamente provocando el desalojo de un entero edifico en Capiscol fue h\u00e1bilmente ocultada por la prensa local. Parece que asistimos a un nuevo episodio de ocultaci\u00f3n informativa&#8230;.a fin de cuentas nadie se atreve a decir lo evidente, el Emperador esta desnudo&#8230;<\/p>\n","protected":false},"author":8,"featured_media":0,"comment_status":"open","ping_status":"open","sticky":false,"template":"","format":"standard","meta":[],"categories":[2],"tags":[],"_links":{"self":[{"href":"https:\/\/diariodevurgos.com\/dvwps\/wp-json\/wp\/v2\/posts\/843"}],"collection":[{"href":"https:\/\/diariodevurgos.com\/dvwps\/wp-json\/wp\/v2\/posts"}],"about":[{"href":"https:\/\/diariodevurgos.com\/dvwps\/wp-json\/wp\/v2\/types\/post"}],"author":[{"embeddable":true,"href":"https:\/\/diariodevurgos.com\/dvwps\/wp-json\/wp\/v2\/users\/8"}],"replies":[{"embeddable":true,"href":"https:\/\/diariodevurgos.com\/dvwps\/wp-json\/wp\/v2\/comments?post=843"}],"version-history":[{"count":0,"href":"https:\/\/diariodevurgos.com\/dvwps\/wp-json\/wp\/v2\/posts\/843\/revisions"}],"wp:attachment":[{"href":"https:\/\/diariodevurgos.com\/dvwps\/wp-json\/wp\/v2\/media?parent=843"}],"wp:term":[{"taxonomy":"category","embeddable":true,"href":"https:\/\/diariodevurgos.com\/dvwps\/wp-json\/wp\/v2\/categories?post=843"},{"taxonomy":"post_tag","embeddable":true,"href":"https:\/\/diariodevurgos.com\/dvwps\/wp-json\/wp\/v2\/tags?post=843"}],"curies":[{"name":"wp","href":"https:\/\/api.w.org\/{rel}","templated":true}]}}