{"id":8594,"date":"2012-07-06T13:07:19","date_gmt":"2012-07-06T12:07:19","guid":{"rendered":"http:\/\/diariodevurgos.com\/dvwps\/?p=8594"},"modified":"2012-07-06T13:10:34","modified_gmt":"2012-07-06T12:10:34","slug":"la-epopeya-tragica-del-anarquista-mateo-morral","status":"publish","type":"post","link":"https:\/\/diariodevurgos.com\/dvwps\/la-epopeya-tragica-del-anarquista-mateo-morral.php","title":{"rendered":"La epopeya tr\u00e1gica del anarquista Mateo Morral"},"content":{"rendered":"<p class=\"lead\"><img loading=\"lazy\" class=\"alignright size-full wp-image-8599\" title=\"mateo\" src=\"http:\/\/diariodevurgos.com\/dvwps\/wp-content\/uploads\/2012\/07\/mateo.jpg\" alt=\"mateo\" width=\"101\" height=\"113\" \/>Mateo Morral ha sido uno de los personajes m\u00e1s enigm\u00e1ticos del anarquismo ib\u00e9rico y quiz\u00e1s uno de los de mayor proyecci\u00f3n en la historia. Pero, \u00bfQui\u00e9n era aquel joven de 26 a\u00f1os que trat\u00f3 de acabar con la vida del rey Alfonso XIII el d\u00ed\u00ada de su enlace matrimonial? Para encontrar respuestas a este interrogante nada mejor que pasarse esta tarde por la<a title=\"IV aniversario Biblioteca Anarquista La Maldita\" href=\"http:\/\/diariodevurgos.com\/dvwps\/iv-aniversario-de-la-biblioteca-anarquista-la-maldita.php\"> Biblioteca Anarquista &#8220;La Maldita&#8221;\u009d<\/a><strong> <\/strong>en la que <strong>a partir de las 20.00<\/strong> e inaugurando los actos con los que se conmemora su<strong> IV aniversario<\/strong>, <a title=\"Entrevista con Eduard Masjuan en Radio Onda Expansiva\" href=\"http:\/\/ondaexpansiva.net\/?p=1277\">Eduard Masjuan,<\/a> autor de la biograf\u00ed\u00ada del joven anarquista de Sabadell, nos presentar\u00e1 al Mateo Morral alejado de caricaturas y mistificaciones.<\/p>\n","protected":false},"excerpt":{"rendered":"<p>Mateo Morral ha sido uno de los personajes m\u00e1s enigm\u00e1ticos del anarquismo ib\u00e9rico y quiz\u00e1s uno de los de mayor proyecci\u00f3n en la historia. Pero, \u00bfQui\u00e9n era aquel joven de 26 a\u00f1os que trat\u00f3 de acabar con la vida del rey Alfonso XIII el d\u00ed\u00ada de su enlace matrimonial? Para encontrar respuestas a este interrogante&#8230;  <a href=\"https:\/\/diariodevurgos.com\/dvwps\/la-epopeya-tragica-del-anarquista-mateo-morral.php\" class=\"more-link\" title=\"Read La epopeya tr\u00e1gica del anarquista Mateo Morral\">Read more &raquo;<\/a><\/p>\n","protected":false},"author":2,"featured_media":0,"comment_status":"open","ping_status":"closed","sticky":false,"template":"","format":"standard","meta":[],"categories":[2,57,27,6,47],"tags":[],"_links":{"self":[{"href":"https:\/\/diariodevurgos.com\/dvwps\/wp-json\/wp\/v2\/posts\/8594"}],"collection":[{"href":"https:\/\/diariodevurgos.com\/dvwps\/wp-json\/wp\/v2\/posts"}],"about":[{"href":"https:\/\/diariodevurgos.com\/dvwps\/wp-json\/wp\/v2\/types\/post"}],"author":[{"embeddable":true,"href":"https:\/\/diariodevurgos.com\/dvwps\/wp-json\/wp\/v2\/users\/2"}],"replies":[{"embeddable":true,"href":"https:\/\/diariodevurgos.com\/dvwps\/wp-json\/wp\/v2\/comments?post=8594"}],"version-history":[{"count":4,"href":"https:\/\/diariodevurgos.com\/dvwps\/wp-json\/wp\/v2\/posts\/8594\/revisions"}],"predecessor-version":[{"id":8598,"href":"https:\/\/diariodevurgos.com\/dvwps\/wp-json\/wp\/v2\/posts\/8594\/revisions\/8598"}],"wp:attachment":[{"href":"https:\/\/diariodevurgos.com\/dvwps\/wp-json\/wp\/v2\/media?parent=8594"}],"wp:term":[{"taxonomy":"category","embeddable":true,"href":"https:\/\/diariodevurgos.com\/dvwps\/wp-json\/wp\/v2\/categories?post=8594"},{"taxonomy":"post_tag","embeddable":true,"href":"https:\/\/diariodevurgos.com\/dvwps\/wp-json\/wp\/v2\/tags?post=8594"}],"curies":[{"name":"wp","href":"https:\/\/api.w.org\/{rel}","templated":true}]}}