{"id":8627,"date":"2012-07-13T08:53:24","date_gmt":"2012-07-13T07:53:24","guid":{"rendered":"http:\/\/diariodevurgos.com\/dvwps\/?p=8627"},"modified":"2012-07-15T12:55:01","modified_gmt":"2012-07-15T11:55:01","slug":"v-encuentro-del-libro-anarquista-de-salamanca","status":"publish","type":"post","link":"https:\/\/diariodevurgos.com\/dvwps\/v-encuentro-del-libro-anarquista-de-salamanca.php","title":{"rendered":"V Encuentro del libro anarquista de Salamanca"},"content":{"rendered":"<p class=\"lead\">Durante el fin de semana del <strong>10 al 12 de agosto de 2012<\/strong> tendr\u00e1 una nueva convocatoria del encuentro del libro anarquista de Salamanca que este a\u00f1o suma ya la <strong>quinta edici\u00f3n<\/strong>. Una cita que, como viene siendo habitual, incluye diversas actividades culturales cuyo programa puede ser consultado a trav\u00e9s de la <a title=\"V Encuentro del Libro Anarquista de Salamanca\" href=\"http:\/\/encuentrosalamanca.blogspot.com.es\/\">web oficial del encuentro<\/a>.<\/p>\n<p style=\"text-align: center;\"><img loading=\"lazy\" class=\"aligncenter size-medium wp-image-8628\" title=\"encuentro\" src=\"http:\/\/diariodevurgos.com\/dvwps\/wp-content\/uploads\/2012\/07\/encuentro-218x300.png\" alt=\"encuentro\" width=\"218\" height=\"300\" srcset=\"https:\/\/diariodevurgos.com\/dvwps\/wp-content\/uploads\/2012\/07\/encuentro-218x300.png 218w, https:\/\/diariodevurgos.com\/dvwps\/wp-content\/uploads\/2012\/07\/encuentro.png 255w\" sizes=\"(max-width: 218px) 100vw, 218px\" \/><\/p>\n","protected":false},"excerpt":{"rendered":"<p>Durante el fin de semana del 10 al 12 de agosto de 2012 tendr\u00e1 una nueva convocatoria del encuentro del libro anarquista de Salamanca que este a\u00f1o suma ya la quinta edici\u00f3n. Una cita que, como viene siendo habitual, incluye diversas actividades culturales cuyo programa puede ser consultado a trav\u00e9s de la web oficial del&#8230;  <a href=\"https:\/\/diariodevurgos.com\/dvwps\/v-encuentro-del-libro-anarquista-de-salamanca.php\" class=\"more-link\" title=\"Read V Encuentro del libro anarquista de Salamanca\">Read more &raquo;<\/a><\/p>\n","protected":false},"author":2,"featured_media":0,"comment_status":"open","ping_status":"closed","sticky":false,"template":"","format":"standard","meta":[],"categories":[57,8],"tags":[],"_links":{"self":[{"href":"https:\/\/diariodevurgos.com\/dvwps\/wp-json\/wp\/v2\/posts\/8627"}],"collection":[{"href":"https:\/\/diariodevurgos.com\/dvwps\/wp-json\/wp\/v2\/posts"}],"about":[{"href":"https:\/\/diariodevurgos.com\/dvwps\/wp-json\/wp\/v2\/types\/post"}],"author":[{"embeddable":true,"href":"https:\/\/diariodevurgos.com\/dvwps\/wp-json\/wp\/v2\/users\/2"}],"replies":[{"embeddable":true,"href":"https:\/\/diariodevurgos.com\/dvwps\/wp-json\/wp\/v2\/comments?post=8627"}],"version-history":[{"count":3,"href":"https:\/\/diariodevurgos.com\/dvwps\/wp-json\/wp\/v2\/posts\/8627\/revisions"}],"predecessor-version":[{"id":8635,"href":"https:\/\/diariodevurgos.com\/dvwps\/wp-json\/wp\/v2\/posts\/8627\/revisions\/8635"}],"wp:attachment":[{"href":"https:\/\/diariodevurgos.com\/dvwps\/wp-json\/wp\/v2\/media?parent=8627"}],"wp:term":[{"taxonomy":"category","embeddable":true,"href":"https:\/\/diariodevurgos.com\/dvwps\/wp-json\/wp\/v2\/categories?post=8627"},{"taxonomy":"post_tag","embeddable":true,"href":"https:\/\/diariodevurgos.com\/dvwps\/wp-json\/wp\/v2\/tags?post=8627"}],"curies":[{"name":"wp","href":"https:\/\/api.w.org\/{rel}","templated":true}]}}