{"id":8630,"date":"2012-07-15T12:48:52","date_gmt":"2012-07-15T11:48:52","guid":{"rendered":"http:\/\/diariodevurgos.com\/dvwps\/?p=8630"},"modified":"2012-07-15T22:24:23","modified_gmt":"2012-07-15T21:24:23","slug":"manifestacion-en-burgos-contra-los-recortes","status":"publish","type":"post","link":"https:\/\/diariodevurgos.com\/dvwps\/manifestacion-en-burgos-contra-los-recortes.php","title":{"rendered":"Manifestaci\u00f3n en Burgos contra los recortes"},"content":{"rendered":"<p class=\"lead\">El pasado viernes 13 de julio una manifestaci\u00f3n espont\u00e1nea convocada a trav\u00e9s de las redes sociales recorri\u00f3 algunas calles de Burgos para expresar el rechazo ante las nuevas medidas de recorte.\u00a0 Desde la Plaza Mayor, los manifestantes se congregaron ante la sede del Partido Popular que se encontraba cerrada a cal y canto.<\/p>\n<p style=\"text-align: center;\"><img loading=\"lazy\" class=\"aligncenter size-medium wp-image-8631\" title=\"SAM_0359\" src=\"http:\/\/diariodevurgos.com\/dvwps\/wp-content\/uploads\/2012\/07\/SAM_0359-225x300.jpg\" alt=\"SAM_0359\" width=\"225\" height=\"300\" srcset=\"https:\/\/diariodevurgos.com\/dvwps\/wp-content\/uploads\/2012\/07\/SAM_0359-225x300.jpg 225w, https:\/\/diariodevurgos.com\/dvwps\/wp-content\/uploads\/2012\/07\/SAM_0359-768x1024.jpg 768w, https:\/\/diariodevurgos.com\/dvwps\/wp-content\/uploads\/2012\/07\/SAM_0359.JPG 960w\" sizes=\"(max-width: 225px) 100vw, 225px\" \/><\/p>\n<p>Con el objetivo de denunciar los nuevos recortes impuestos, se convoca a una nueva manifestaci\u00f3n para el <strong>pr\u00f3ximo jueves 19 de Julio <\/strong>a partir de las <strong>20.00 horas<\/strong> en la <strong>Plaza Mayor.<\/strong><\/p>\n","protected":false},"excerpt":{"rendered":"<p>El pasado viernes 13 de julio una manifestaci\u00f3n espont\u00e1nea convocada a trav\u00e9s de las redes sociales recorri\u00f3 algunas calles de Burgos para expresar el rechazo ante las nuevas medidas de recorte.\u00a0 Desde la Plaza Mayor, los manifestantes se congregaron ante la sede del Partido Popular que se encontraba cerrada a cal y canto. Con el&#8230;  <a href=\"https:\/\/diariodevurgos.com\/dvwps\/manifestacion-en-burgos-contra-los-recortes.php\" class=\"more-link\" title=\"Read Manifestaci\u00f3n en Burgos contra los recortes\">Read more &raquo;<\/a><\/p>\n","protected":false},"author":2,"featured_media":0,"comment_status":"open","ping_status":"closed","sticky":false,"template":"","format":"standard","meta":[],"categories":[2,57],"tags":[],"_links":{"self":[{"href":"https:\/\/diariodevurgos.com\/dvwps\/wp-json\/wp\/v2\/posts\/8630"}],"collection":[{"href":"https:\/\/diariodevurgos.com\/dvwps\/wp-json\/wp\/v2\/posts"}],"about":[{"href":"https:\/\/diariodevurgos.com\/dvwps\/wp-json\/wp\/v2\/types\/post"}],"author":[{"embeddable":true,"href":"https:\/\/diariodevurgos.com\/dvwps\/wp-json\/wp\/v2\/users\/2"}],"replies":[{"embeddable":true,"href":"https:\/\/diariodevurgos.com\/dvwps\/wp-json\/wp\/v2\/comments?post=8630"}],"version-history":[{"count":3,"href":"https:\/\/diariodevurgos.com\/dvwps\/wp-json\/wp\/v2\/posts\/8630\/revisions"}],"predecessor-version":[{"id":8636,"href":"https:\/\/diariodevurgos.com\/dvwps\/wp-json\/wp\/v2\/posts\/8630\/revisions\/8636"}],"wp:attachment":[{"href":"https:\/\/diariodevurgos.com\/dvwps\/wp-json\/wp\/v2\/media?parent=8630"}],"wp:term":[{"taxonomy":"category","embeddable":true,"href":"https:\/\/diariodevurgos.com\/dvwps\/wp-json\/wp\/v2\/categories?post=8630"},{"taxonomy":"post_tag","embeddable":true,"href":"https:\/\/diariodevurgos.com\/dvwps\/wp-json\/wp\/v2\/tags?post=8630"}],"curies":[{"name":"wp","href":"https:\/\/api.w.org\/{rel}","templated":true}]}}