{"id":875,"date":"2007-11-05T13:39:34","date_gmt":"2007-11-05T12:39:34","guid":{"rendered":"http:\/\/diariodevurgos.com\/dvwps\/el-paro-vuelve-a-subir-en-burgos.php"},"modified":"2007-11-05T13:39:34","modified_gmt":"2007-11-05T12:39:34","slug":"el-paro-vuelve-a-subir-en-burgos","status":"publish","type":"post","link":"https:\/\/diariodevurgos.com\/dvwps\/el-paro-vuelve-a-subir-en-burgos.php","title":{"rendered":"El paro vuelve a subir en Burgos"},"content":{"rendered":"<p class=\"lead\"><img align=\"right\" alt=\"inem\" id=\"image791\" title=\"inem\" src=\"http:\/\/diariodevurgos.com\/dvwps\/wp-content\/uploads\/2007\/10\/images.jpeg\" \/>\u00bfSera el ladrillo? Que ya no vende en Burgos, <a title=\"diganLoqueDigan\" href=\"http:\/\/diariodevurgos.com\/dvwps\/diario-de-burgos-manipulacion-descarada.php\">pese a lo que digan por ah\u00ed\u00ad<\/a>. El caso es que el paro en Burgos vuelve a subir y lo hace con m\u00e1s fuerza que <a title=\"elMesAnterior\" href=\"http:\/\/diariodevurgos.com\/dvwps\/baja-y-sube-el-paro.php\">el mes anterior<\/a>. El paro aumenta en Burgos en <strong>535<\/strong> personas. <strong>10<\/strong> de la agricultura, <strong>56<\/strong> de la industria, <strong>59<\/strong> de la construcci\u00f3n y <strong>446<\/strong> del sector servicios. Comentaros, como siempre, que el sector servicios es un sector que enga\u00f1a, depende de los otros sectores o de si mismo, siempre es el que m\u00e1s paro tiene.<br \/>\n<!--more--><br \/>\nLas cosas pintan mal para Burgos en particular y en general para esa masa de personas que se mueven con DNI por ese redil llamado Espa\u00f1a. Ten\u00e9is la informaci\u00f3n m\u00e1s detallada en <a title=\"documento\" href=\"http:\/\/www.inem.es\/inem\/cifras\/datos_avance\/datos\/datos_2007\/AV_SISPE_0710.PDF\">el habitual documento<\/a> que como todos los meses nos brinda el Ministerio de Trabajo.<\/p>\n<p>Apretaros los cinturones, porque las previsiones econ\u00f3micas son malas, tirando a muy malas y de momento se est\u00e1n confirmando.<\/p>\n","protected":false},"excerpt":{"rendered":"<p>\u00bfSera el ladrillo? Que ya no vende en Burgos, pese a lo que digan por ah\u00ed\u00ad. El caso es que el paro en Burgos vuelve a subir y lo hace con m\u00e1s fuerza que el mes anterior. El paro aumenta en Burgos en 535 personas. 10 de la agricultura, 56 de la industria, 59 de&#8230;  <a href=\"https:\/\/diariodevurgos.com\/dvwps\/el-paro-vuelve-a-subir-en-burgos.php\" class=\"more-link\" title=\"Read El paro vuelve a subir en Burgos\">Read more &raquo;<\/a><\/p>\n","protected":false},"author":1,"featured_media":0,"comment_status":"open","ping_status":"closed","sticky":false,"template":"","format":"standard","meta":[],"categories":[2],"tags":[],"_links":{"self":[{"href":"https:\/\/diariodevurgos.com\/dvwps\/wp-json\/wp\/v2\/posts\/875"}],"collection":[{"href":"https:\/\/diariodevurgos.com\/dvwps\/wp-json\/wp\/v2\/posts"}],"about":[{"href":"https:\/\/diariodevurgos.com\/dvwps\/wp-json\/wp\/v2\/types\/post"}],"author":[{"embeddable":true,"href":"https:\/\/diariodevurgos.com\/dvwps\/wp-json\/wp\/v2\/users\/1"}],"replies":[{"embeddable":true,"href":"https:\/\/diariodevurgos.com\/dvwps\/wp-json\/wp\/v2\/comments?post=875"}],"version-history":[{"count":0,"href":"https:\/\/diariodevurgos.com\/dvwps\/wp-json\/wp\/v2\/posts\/875\/revisions"}],"wp:attachment":[{"href":"https:\/\/diariodevurgos.com\/dvwps\/wp-json\/wp\/v2\/media?parent=875"}],"wp:term":[{"taxonomy":"category","embeddable":true,"href":"https:\/\/diariodevurgos.com\/dvwps\/wp-json\/wp\/v2\/categories?post=875"},{"taxonomy":"post_tag","embeddable":true,"href":"https:\/\/diariodevurgos.com\/dvwps\/wp-json\/wp\/v2\/tags?post=875"}],"curies":[{"name":"wp","href":"https:\/\/api.w.org\/{rel}","templated":true}]}}