{"id":8843,"date":"2012-08-15T14:47:14","date_gmt":"2012-08-15T13:47:14","guid":{"rendered":"http:\/\/diariodevurgos.com\/dvwps\/?p=8843"},"modified":"2012-08-15T14:47:26","modified_gmt":"2012-08-15T13:47:26","slug":"el-conflicto-del-parking-de-eladio-perlado-a-traves-de-la-tribu-de-marionetas-subversivas-de-gamonal","status":"publish","type":"post","link":"https:\/\/diariodevurgos.com\/dvwps\/el-conflicto-del-parking-de-eladio-perlado-a-traves-de-la-tribu-de-marionetas-subversivas-de-gamonal.php","title":{"rendered":"El conflicto del parking de Eladio Perlado a trav\u00e9s de la Tribu de Marionetas Subversivas de Gamonal"},"content":{"rendered":"<p class=\"lead\">El conflicto del<a title=\"18 de agosto: las claves del conflicto\" href=\"http:\/\/diariodevurgos.com\/dvwps\/5179.php\"> parking de Eladio Perlado en Gamonal<\/a> es quiz\u00e1s uno de las luchas vecinales m\u00e1s intensas que se han registrado en Burgos en los tiempos recientes. De su lectura y an\u00e1lisis pueden extraerse valiosas conclusiones de cara a entender c\u00f3mo funcionan los procesos especulativos.<\/p>\n<p>[youtube]http:\/\/www.youtube.com\/watch?v=qBe6SlKihwM&amp;feature=youtu.be[\/youtube]<\/p>\n<p>La <em><strong>Tribu de Marionetas Subversivas de Gamonal <\/strong><\/em>escenifica c\u00f3mo se vivi\u00f3 aquel conflicto urban\u00ed\u00adstico a trav\u00e9s de una representaci\u00f3n que destila a raudales humor y mordaz iron\u00ed\u00ada. Una actuaci\u00f3n que se enmarcaba en el <a title=\"Programa de homenaje a la lucha contra el parking y la especulaci\u00f3n\" href=\"http:\/\/diariodevurgos.com\/dvwps\/%C2%A1viva-el-18-de-agosto-y-la-lucha-del-pueblo.php\">programa de homenaje<\/a> a la lucha contra el parking realizado el pasado a\u00f1o\u00a0 por la <a title=\"Asamblea de Gamonal 15-M\" href=\"http:\/\/gamonal.tomalosbarrios.net\/\">Asamblea de Gamonal 15-M<\/a> y que desde <strong>DV <\/strong>hemos recuperado para ofrecerla \u00ed\u00adntegra a tod@s nuestr@s lector@s.<\/p>\n","protected":false},"excerpt":{"rendered":"<p>El conflicto del parking de Eladio Perlado en Gamonal es quiz\u00e1s uno de las luchas vecinales m\u00e1s intensas que se han registrado en Burgos en los tiempos recientes. De su lectura y an\u00e1lisis pueden extraerse valiosas conclusiones de cara a entender c\u00f3mo funcionan los procesos especulativos. [youtube]http:\/\/www.youtube.com\/watch?v=qBe6SlKihwM&amp;feature=youtu.be[\/youtube] La Tribu de Marionetas Subversivas de Gamonal escenifica&#8230;  <a href=\"https:\/\/diariodevurgos.com\/dvwps\/el-conflicto-del-parking-de-eladio-perlado-a-traves-de-la-tribu-de-marionetas-subversivas-de-gamonal.php\" class=\"more-link\" title=\"Read El conflicto del parking de Eladio Perlado a trav\u00e9s de la Tribu de Marionetas Subversivas de Gamonal\">Read more &raquo;<\/a><\/p>\n","protected":false},"author":2,"featured_media":0,"comment_status":"open","ping_status":"closed","sticky":false,"template":"","format":"standard","meta":[],"categories":[51,55,2,27,43,15],"tags":[],"_links":{"self":[{"href":"https:\/\/diariodevurgos.com\/dvwps\/wp-json\/wp\/v2\/posts\/8843"}],"collection":[{"href":"https:\/\/diariodevurgos.com\/dvwps\/wp-json\/wp\/v2\/posts"}],"about":[{"href":"https:\/\/diariodevurgos.com\/dvwps\/wp-json\/wp\/v2\/types\/post"}],"author":[{"embeddable":true,"href":"https:\/\/diariodevurgos.com\/dvwps\/wp-json\/wp\/v2\/users\/2"}],"replies":[{"embeddable":true,"href":"https:\/\/diariodevurgos.com\/dvwps\/wp-json\/wp\/v2\/comments?post=8843"}],"version-history":[{"count":4,"href":"https:\/\/diariodevurgos.com\/dvwps\/wp-json\/wp\/v2\/posts\/8843\/revisions"}],"predecessor-version":[{"id":8851,"href":"https:\/\/diariodevurgos.com\/dvwps\/wp-json\/wp\/v2\/posts\/8843\/revisions\/8851"}],"wp:attachment":[{"href":"https:\/\/diariodevurgos.com\/dvwps\/wp-json\/wp\/v2\/media?parent=8843"}],"wp:term":[{"taxonomy":"category","embeddable":true,"href":"https:\/\/diariodevurgos.com\/dvwps\/wp-json\/wp\/v2\/categories?post=8843"},{"taxonomy":"post_tag","embeddable":true,"href":"https:\/\/diariodevurgos.com\/dvwps\/wp-json\/wp\/v2\/tags?post=8843"}],"curies":[{"name":"wp","href":"https:\/\/api.w.org\/{rel}","templated":true}]}}