{"id":8864,"date":"2012-08-22T15:39:11","date_gmt":"2012-08-22T14:39:11","guid":{"rendered":"http:\/\/diariodevurgos.com\/dvwps\/?p=8864"},"modified":"2012-08-22T17:54:27","modified_gmt":"2012-08-22T16:54:27","slug":"ii-encuentro-escritores-por-ciudad-juarez","status":"publish","type":"post","link":"https:\/\/diariodevurgos.com\/dvwps\/ii-encuentro-escritores-por-ciudad-juarez.php","title":{"rendered":"II Encuentro Escritores por Ciudad Ju\u00e1rez"},"content":{"rendered":"<p style=\"margin-bottom: 0cm; text-align: left;\" class=\"lead\"><img loading=\"lazy\" class=\"size-medium wp-image-8865 alignright\" title=\"ciudad ju\u00e1rez\" src=\"http:\/\/diariodevurgos.com\/dvwps\/wp-content\/uploads\/2012\/08\/ciudad-ju\u00e1rez-212x300.jpg\" alt=\"ciudad ju\u00e1rez\" width=\"212\" height=\"300\" srcset=\"https:\/\/diariodevurgos.com\/dvwps\/wp-content\/uploads\/2012\/08\/ciudad-ju\u00e1rez-212x300.jpg 212w, https:\/\/diariodevurgos.com\/dvwps\/wp-content\/uploads\/2012\/08\/ciudad-ju\u00e1rez-723x1024.jpg 723w\" sizes=\"(max-width: 212px) 100vw, 212px\" \/>El s\u00e1bado 1 de septiembre tendr\u00e1 lugar en Burgos el II Encuentro Escritores por Ciudad Ju\u00e1rez que se va a celebrar simult\u00e1neamente en m\u00e1s de 130 ciudades del mundo.<\/p>\n<p style=\"margin-bottom: 0cm; text-align: left;\">Se celebrar\u00e1 en el Sal\u00f3n de los sindicatos , CGT (C\/ Calera 12) a las 20.00 horas.<a href=\"mailto:horas.Escritor@s\"> <\/a>Escritores burgaleses\/as  leer\u00e1n textos propios y tambi\u00e9n se realizar\u00e1n lecturas de poemas de autores mexicanos\/as que nos acercaran a la problem\u00e1tica de las personas de la localidad fronteriza.<\/p>\n<p style=\"margin-bottom: 0cm; text-align: left;\">Este evento literario har\u00e1 visible, en todo el planeta, el compromiso de los escritores de Ciudad Ju\u00e1rez,y dar\u00e1 a conocer la ciudad mexicana por otras muchas causas y acciones que van m\u00e1s all\u00e1 del recuento de homicidios.<\/p>\n","protected":false},"excerpt":{"rendered":"<p>El s\u00e1bado 1 de septiembre tendr\u00e1 lugar en Burgos el II Encuentro Escritores por Ciudad Ju\u00e1rez que se va a celebrar simult\u00e1neamente en m\u00e1s de 130 ciudades del mundo. Se celebrar\u00e1 en el Sal\u00f3n de los sindicatos , CGT (C\/ Calera 12) a las 20.00 horas. Escritores burgaleses\/as leer\u00e1n textos propios y tambi\u00e9n se realizar\u00e1n&#8230;  <a href=\"https:\/\/diariodevurgos.com\/dvwps\/ii-encuentro-escritores-por-ciudad-juarez.php\" class=\"more-link\" title=\"Read II Encuentro Escritores por Ciudad Ju\u00e1rez\">Read more &raquo;<\/a><\/p>\n","protected":false},"author":8,"featured_media":0,"comment_status":"open","ping_status":"closed","sticky":false,"template":"","format":"standard","meta":[],"categories":[2,57,32],"tags":[],"_links":{"self":[{"href":"https:\/\/diariodevurgos.com\/dvwps\/wp-json\/wp\/v2\/posts\/8864"}],"collection":[{"href":"https:\/\/diariodevurgos.com\/dvwps\/wp-json\/wp\/v2\/posts"}],"about":[{"href":"https:\/\/diariodevurgos.com\/dvwps\/wp-json\/wp\/v2\/types\/post"}],"author":[{"embeddable":true,"href":"https:\/\/diariodevurgos.com\/dvwps\/wp-json\/wp\/v2\/users\/8"}],"replies":[{"embeddable":true,"href":"https:\/\/diariodevurgos.com\/dvwps\/wp-json\/wp\/v2\/comments?post=8864"}],"version-history":[{"count":4,"href":"https:\/\/diariodevurgos.com\/dvwps\/wp-json\/wp\/v2\/posts\/8864\/revisions"}],"predecessor-version":[{"id":8872,"href":"https:\/\/diariodevurgos.com\/dvwps\/wp-json\/wp\/v2\/posts\/8864\/revisions\/8872"}],"wp:attachment":[{"href":"https:\/\/diariodevurgos.com\/dvwps\/wp-json\/wp\/v2\/media?parent=8864"}],"wp:term":[{"taxonomy":"category","embeddable":true,"href":"https:\/\/diariodevurgos.com\/dvwps\/wp-json\/wp\/v2\/categories?post=8864"},{"taxonomy":"post_tag","embeddable":true,"href":"https:\/\/diariodevurgos.com\/dvwps\/wp-json\/wp\/v2\/tags?post=8864"}],"curies":[{"name":"wp","href":"https:\/\/api.w.org\/{rel}","templated":true}]}}