{"id":890,"date":"2007-11-10T14:26:40","date_gmt":"2007-11-10T13:26:40","guid":{"rendered":"http:\/\/diariodevurgos.com\/dvwps\/beatos-por-la-gracia-de-dios.php"},"modified":"2007-11-10T14:27:47","modified_gmt":"2007-11-10T13:27:47","slug":"beatos-por-la-gracia-de-dios","status":"publish","type":"post","link":"https:\/\/diariodevurgos.com\/dvwps\/beatos-por-la-gracia-de-dios.php","title":{"rendered":"Beatos por la gracia de Dios"},"content":{"rendered":"<p class=\"lead\"><img align=\"right\" title=\"cruz\" id=\"image675\" alt=\"cruz\" src=\"http:\/\/diariodevurgos.com\/dvwps\/wp-content\/uploads\/2007\/08\/cruz.miniatura.jpg\" \/>\u00bf<a title=\"fascistasYBeatos\" href=\"http:\/\/diariodevurgos.com\/dvwps\/beatificando-burgaleses.php\">Os acord\u00e1is de los beatos fascistas<\/a>? Esos m\u00e1rtires que murieron en la guerra civil por la gracia de Dios para instaurar una dictadura y que el Papa ha beatificado hace bien poquito. Hoy en Burgos se  homenajea a estos beatos de la mano, como no, de monse\u00f1or Francisco Gil Hell\u00ed\u00adn.<br \/>\n<!--more--><br \/>\nComo en la iglesia cat\u00f3lica(y en todas en general) \u00faltimamente no hay milagros ni m\u00e1rtires de los de antes, para matar el rato, para despistar o para vete tu a saber que, estos integristas religiosos buscan como locos nuevos mitos a los que poder adorar y honrar aunque sean una farsa.<\/p>\n<p>Alguien le tendr\u00ed\u00ada que explicar a Francisco Gil Hell\u00ed\u00adn, que la religi\u00f3n tiene hoy el papel que tenia cuando se invento, el control pol\u00ed\u00adtico sobre los individuos.<\/p>\n<p>Ya que algunos andar\u00e1n hoy rezando y consagrando a no se sabe bien que. Os propongo un ejercicio de escepticismo, echaros un ojo a <a title=\"primeraParta\" href=\"http:\/\/video.google.es\/videoplay?docid=8971123609530146514&#038;q=zeitgeist+spanish&#038;total=4&#038;start=0&#038;num=10&#038;so=0&#038;type=search&#038;plindex=1\">la primera parte del documental llamado &#8220;Zeitgeist&#8221;\u009d<\/a> que cuenta a grandes rasgos la historia de las religiones centr\u00e1ndose en la cristiana. Por si alguno tiene dudas en la p\u00e1gina del documental viene <a title=\"documentacion\" href=\"http:\/\/zeitgeistmovie.com\/sources.htm\">toda la documentaci\u00f3n<\/a> que se ha recogido para hacer este trabajo.<\/p>\n","protected":false},"excerpt":{"rendered":"<p>\u00bfOs acord\u00e1is de los beatos fascistas? Esos m\u00e1rtires que murieron en la guerra civil por la gracia de Dios para instaurar una dictadura y que el Papa ha beatificado hace bien poquito. Hoy en Burgos se homenajea a estos beatos de la mano, como no, de monse\u00f1or Francisco Gil Hell\u00ed\u00adn.<\/p>\n","protected":false},"author":1,"featured_media":0,"comment_status":"open","ping_status":"closed","sticky":false,"template":"","format":"standard","meta":[],"categories":[2],"tags":[],"_links":{"self":[{"href":"https:\/\/diariodevurgos.com\/dvwps\/wp-json\/wp\/v2\/posts\/890"}],"collection":[{"href":"https:\/\/diariodevurgos.com\/dvwps\/wp-json\/wp\/v2\/posts"}],"about":[{"href":"https:\/\/diariodevurgos.com\/dvwps\/wp-json\/wp\/v2\/types\/post"}],"author":[{"embeddable":true,"href":"https:\/\/diariodevurgos.com\/dvwps\/wp-json\/wp\/v2\/users\/1"}],"replies":[{"embeddable":true,"href":"https:\/\/diariodevurgos.com\/dvwps\/wp-json\/wp\/v2\/comments?post=890"}],"version-history":[{"count":0,"href":"https:\/\/diariodevurgos.com\/dvwps\/wp-json\/wp\/v2\/posts\/890\/revisions"}],"wp:attachment":[{"href":"https:\/\/diariodevurgos.com\/dvwps\/wp-json\/wp\/v2\/media?parent=890"}],"wp:term":[{"taxonomy":"category","embeddable":true,"href":"https:\/\/diariodevurgos.com\/dvwps\/wp-json\/wp\/v2\/categories?post=890"},{"taxonomy":"post_tag","embeddable":true,"href":"https:\/\/diariodevurgos.com\/dvwps\/wp-json\/wp\/v2\/tags?post=890"}],"curies":[{"name":"wp","href":"https:\/\/api.w.org\/{rel}","templated":true}]}}