{"id":900,"date":"2007-11-11T00:04:29","date_gmt":"2007-11-10T23:04:29","guid":{"rendered":"http:\/\/diariodevurgos.com\/dvwps\/david-continua-encarcelado.php"},"modified":"2007-11-11T18:22:06","modified_gmt":"2007-11-11T17:22:06","slug":"david-continua-encarcelado","status":"publish","type":"post","link":"https:\/\/diariodevurgos.com\/dvwps\/david-continua-encarcelado.php","title":{"rendered":"David contin\u00faa encarcelado"},"content":{"rendered":"<p class=\"lead\"><img id=\"image105\" title=\"carcel-ggcm-ene06.png\" alt=\"carcel-ggcm-ene06.png\" src=\"http:\/\/diariodevurgos.com\/dvwps\/wp-content\/uploads\/2007\/01\/carcel-ggcm-ene06.png\" align=\"right\" \/>Un joven burgal\u00e9s contin\u00faa encarcelado en el <strong>Centro de Reclusi\u00f3n de Menores Maria Zambrana<\/strong> de Valladolid. Han pasado ya\u00a0 varios meses\u00a0 desde que David fuera elegido como cabeza de turco por la represi\u00f3n,\u00a0\u00a0esta recibiendo un tratamiento de especial ensa\u00f1amiento\u00a0 que prologan de manera indeterminada esta situaci\u00f3n de <strong>secuestro encubiert<\/strong>o. No conocemos personalmente a este chico, es posible que no compartamos parte de\u00a0sus planteamientos pol\u00ed\u00adticos , es posible que no compartamos\u00a0con\u00a0\u00e9l\u00a0 la forma de entender el mundo ni otras tantas cosas. El aparato represivo que lo ha separado de los suyos no hace distinci\u00f3n ni prejucios, golpea por igual a cualquiera que se se atreva a manifestar su disidencia.<\/p>\n<p><em>La c\u00e1rcel es siempre para los mismos<\/em><\/p>\n<p><strong>Libertad para David<br \/>\nLibertad para <a href=\"mailto:tod@s\">tod@s<\/a><br \/>\nAbajo los muros de la prisiones!!!<\/strong><\/p>\n","protected":false},"excerpt":{"rendered":"<p>Un joven burgal\u00e9s contin\u00faa encarcelado en el Centro de Reclusi\u00f3n de Menores Maria Zambrana de Valladolid. Han pasado ya\u00a0 varios meses\u00a0 desde que David fuera elegido como cabeza de turco por la represi\u00f3n,\u00a0\u00a0esta recibiendo un tratamiento de especial ensa\u00f1amiento\u00a0 que prologan de manera indeterminada esta situaci\u00f3n de secuestro encubierto. No conocemos personalmente a este chico,&#8230;  <a href=\"https:\/\/diariodevurgos.com\/dvwps\/david-continua-encarcelado.php\" class=\"more-link\" title=\"Read David contin\u00faa encarcelado\">Read more &raquo;<\/a><\/p>\n","protected":false},"author":8,"featured_media":0,"comment_status":"open","ping_status":"closed","sticky":false,"template":"","format":"standard","meta":[],"categories":[2,22],"tags":[],"_links":{"self":[{"href":"https:\/\/diariodevurgos.com\/dvwps\/wp-json\/wp\/v2\/posts\/900"}],"collection":[{"href":"https:\/\/diariodevurgos.com\/dvwps\/wp-json\/wp\/v2\/posts"}],"about":[{"href":"https:\/\/diariodevurgos.com\/dvwps\/wp-json\/wp\/v2\/types\/post"}],"author":[{"embeddable":true,"href":"https:\/\/diariodevurgos.com\/dvwps\/wp-json\/wp\/v2\/users\/8"}],"replies":[{"embeddable":true,"href":"https:\/\/diariodevurgos.com\/dvwps\/wp-json\/wp\/v2\/comments?post=900"}],"version-history":[{"count":0,"href":"https:\/\/diariodevurgos.com\/dvwps\/wp-json\/wp\/v2\/posts\/900\/revisions"}],"wp:attachment":[{"href":"https:\/\/diariodevurgos.com\/dvwps\/wp-json\/wp\/v2\/media?parent=900"}],"wp:term":[{"taxonomy":"category","embeddable":true,"href":"https:\/\/diariodevurgos.com\/dvwps\/wp-json\/wp\/v2\/categories?post=900"},{"taxonomy":"post_tag","embeddable":true,"href":"https:\/\/diariodevurgos.com\/dvwps\/wp-json\/wp\/v2\/tags?post=900"}],"curies":[{"name":"wp","href":"https:\/\/api.w.org\/{rel}","templated":true}]}}