{"id":9196,"date":"2012-10-21T18:47:12","date_gmt":"2012-10-21T17:47:12","guid":{"rendered":"http:\/\/diariodevurgos.com\/dvwps\/?p=9196"},"modified":"2012-10-21T18:50:05","modified_gmt":"2012-10-21T17:50:05","slug":"nada-nuevo-bajo-el-sol-de-manipulacion-mediatica-y-movilizacion-estudiantil","status":"publish","type":"post","link":"https:\/\/diariodevurgos.com\/dvwps\/nada-nuevo-bajo-el-sol-de-manipulacion-mediatica-y-movilizacion-estudiantil.php","title":{"rendered":"Nada nuevo bajo el sol. De manipulaci\u00f3n medi\u00e1tica y movilizaci\u00f3n estudiantil"},"content":{"rendered":"<p class=\"lead\">Durante parte de esta semana se ha venido desarrollando una campa\u00f1a de manipulaci\u00f3n informativa que ha puesto en el punto de mira a\u00a0 sectores asamblearios del movimiento estudiantil en Burgos. Una maniobra medi\u00e1tica que puede representar la antesala de una nueva operaci\u00f3n represiva con la que tratar de difundir el miedo y la desmovilizaci\u00f3n para pr\u00f3ximas convocatorias de protesta.\u00a0 Un procedimiento que, a pesar de haber sido repetido hasta la saciedad, parece no haber perdido ni un \u00e1pice de vigencia para el entramado represivo que se cocina en Burgos.<\/p>\n<p style=\"text-align: center;\"><img loading=\"lazy\" class=\"aligncenter size-full wp-image-9197\" title=\"megafono\" src=\"http:\/\/diariodevurgos.com\/dvwps\/wp-content\/uploads\/2012\/10\/megafono.jpg\" alt=\"megafono\" width=\"286\" height=\"199\" \/><\/p>\n<p>Publicamos a continuaci\u00f3n un comunicado de la Asamblea Aut\u00f3noma de Estudiantes en el que se abordan los hechos acaecidos la pasada Huelga de Estudiantes del 11 de octubre y se invita a una iniciativa social para el pr\u00f3ximo jueves 25 de octubre<strong> <\/strong>en la Facultad de Humanidades y Educaci\u00f3n.<!--more--><\/p>\n<p>Parece que todo est\u00e1 ya inventado y que incluso en cuestiones tan sangrantes como la represi\u00f3n resulta v\u00e1lido aquello de\u00a0 <em>nihil novi sub sole<\/em>. As\u00ed\u00ad lo demuestran los \u00faltimos acontecimientos que han venido sacudiendo la actualidad informativa burgalesa.<\/p>\n<p>Y puede resultar un gui\u00f3n desgastado y polvoriento a fuerza de ser infinitamente repetido, pero seg\u00fan se desprende de lo que durante esta \u00faltima semana han venido publicando algunos medios oficiales, el binomio manipulaci\u00f3n medi\u00e1tica-represi\u00f3n policial parece volver a reactivarse para tratar de neutralizar iniciativas de protesta estudiantil que se est\u00e1n dando en Burgos.<\/p>\n<p>Una operaci\u00f3n de manipulaci\u00f3n informativa para la que no se han escatimado primeras planas ni plumas versadas en criminalizaci\u00f3n, algunas tan prodigas y cl\u00e1sicas como la de Patricia Corral P\u00e1ramo, redactora de Diario de Burgos, que ya comenzaban a echarse de menos. L\u00e1stima que sus \u00fanicas fuentes de informaci\u00f3n sigan siendo las aportadas por la propia polic\u00ed\u00ada.<\/p>\n<p>Agitando el temido fantasma del &#8220;grupo antisistema&#8221;\u009d que responde a la terminolog\u00ed\u00ada espec\u00ed\u00adfica que este tipo de escenograf\u00ed\u00adas requieren, se han ensamblado hechos sin relaci\u00f3n para elaborar el habitual cap\u00ed\u00adtulo de tergiversaci\u00f3n que suele anteceder a las sacudidas represivas.\u00a0 Agentes de la UPR que se emplean con tanta sa\u00f1a que se les disloca el hombro, v\u00e1ndalos sediciosos, clases que no pudieron empezar a tiempo en un d\u00ed\u00ada de huelga y pintadas que nadie ha visto hacer pero que seguro que has hecho t\u00fa porque as\u00ed\u00ad queda m\u00e1s bonito&#8230;son los ingredientes de este variopinto c\u00f3ctel hecho con receta de rancio abolengo.<\/p>\n<p>A\u00fan cuando sea dif\u00ed\u00adcil acostumbrarse, la actual situaci\u00f3n de conflictividad social que se extiende cada vez por m\u00e1s sectores de la poblaci\u00f3n est\u00e1 reactualizando el ya cl\u00e1sico binomio en el que determinados medios de comunicaci\u00f3n forman parte activa del entramado represivo. Nada nuevo bajo el sol.<\/p>\n<p>Publicamos a continuaci\u00f3n un <strong>comunicado de la Asamblea Aut\u00f3noma de Estudiantes <\/strong>en el que se detallan los hechos ocurridos durante la convocatoria de Huelga General de Estudiantes el pasado 11 de octubre.<br \/>\n<strong><br \/>\nNO LUCHES SOLO CUANDO TE LO DIGAN OTRXS, LA LUCHA ES TODOS LOS D\u00ed\u008dAS<\/strong><\/p>\n<p>El pasado 11 de octubre durante la huelga general de educaci\u00f3n, mientras la pasividad de muchxs, el bostezo de otrxs y el puente anticipado de unxs cuantxs, un grupo de unxs 40 j\u00f3venes realiz\u00f3 un piquete por diferentes facultades e institutos. El piquete se desarroll\u00f3 con normalidad en el recinto universitario, eso si a la salida del recinto estudiantil siempre guiados con nuestros escoltas (Unidad de Prevenci\u00f3n y Reacci\u00f3n de la Polic\u00ed\u00ada Nacional) .<\/p>\n<p>Una vez finalizado el piquete en la universidad, se decidi\u00f3 acudir al centro de formaci\u00f3n profesional y secundaria : I.E.S PADRE ARANBURU, a la llegada al centro el director de dicho instituto decidi\u00f3 llamar a la polic\u00ed\u00ada nacional y darles la orden de intervenir, entrando en el recinto y desalojando a lxs huelguistas y as\u00ed\u00ad fue. La polic\u00ed\u00ada entr\u00f3 en tromba en el centro y comenz\u00f3 a empujar e intimidar con su actitud habitual, alg\u00fan que otro porrazo, empujones y patadas, en medio del alboroto no dudaron en inmovilizar a varixs compa\u00f1erxs procediendo a su identificaci\u00f3n, en resumen fueron m\u00e1s de una decena las personas identificadas. Posteriormente el piquete y la manifestaci\u00f3n de desenvolvieron con normalidad.<\/p>\n<p>Al d\u00ed\u00ada siguiente de la huelga el director del Padre Aramburu no dud\u00f3 en expulsar a cuatro participantes en el piquete miembros de dicho centro durante 3 d\u00ed\u00adas a 3 de ellxs y 5 a otrx, dejando claro qui\u00e9n es la autoridad a que intereses y al servicio de quien est\u00e1 en todas sus formas, pas\u00e1ndose por encima lxs supuestos derechos de lxs estudiantes y el derecho a huelga (bonitas palabras redactadas en papel).<\/p>\n<p>No es cuesti\u00f3n de derechos o de , de modificaciones legislativas, para que nuestras protestas sean aun mas recuperadas por el sistema, si queremos algo lo tomaremos sin esperar a que una ley o un partido de iluminadxs nos lo conceda, si decidimos hacer una huelga es porque sentimos la necesidad de gritar con rabia, de enfrentarnos, de sabotear, porque no nos gusta lo que vemos, no necesitamos interlocutorxs ll\u00e1mense sindicatos, delegadxs ll\u00e1mense representantes politicxs en cualquiera de sus formas, estamos cansadxs de enga\u00f1os, de basura mercantilizada, de nocividad disfrazada de progreso, de vidas vac\u00ed\u00adas y enfermizas, prisa, mercado laboral, mercanc\u00ed\u00ada, matadero, c\u00e1rcel&#8230;<\/p>\n<p>Si queremos algo y lo deseamos de verdad solo nos basta con nosotrxs mismos para sacarlo adelante, sin delegar que solo sirve para fortalecer a la odiosa autoridad que sin duda es la que nos asfixia.<\/p>\n<p>Por ello la huelga no es solo un d\u00ed\u00ada cuando te lo manden los sindicatos o lxs jefes y jefecillos es cuando donde y como quieras, donde tu decidas, basta de delegar nuestra responsabilidad en querer cambiar esta realidad, basta de excusas, la lucha no es un d\u00ed\u00ada, es todxs, el cambio social solo ser\u00e1 si la participaci\u00f3n de todxs es real y no delegacionista. Es la hora de luchar todos los d\u00ed\u00adas.<\/p>\n<p><strong>Si este texto te ha picado o lo que te pica dentro es la rabia al ver que tu juventud se escapa y continuas en la misma jaula, quiz\u00e1s te interesa pasarte el pr\u00f3ximo jueves 25 a las 15:00 a la comida popular, proyecci\u00f3n de un corto-debate y posterior asamblea en el hall de entrada de la facultad de humanidades, tu estudiante de instituto, trabajadorx de la uni, profe, padre, madre, estudiante quemado&#8230;.<\/strong><\/p>\n<p><strong>Asamblea Aut\u00f3noma De Estudiantes<\/strong><br \/>\n<em>Asambleaautonomadeestudiantes@gmail.com<\/em><\/p>\n","protected":false},"excerpt":{"rendered":"<p>Durante parte de esta semana se ha venido desarrollando una campa\u00f1a de manipulaci\u00f3n informativa que ha puesto en el punto de mira a\u00a0 sectores asamblearios del movimiento estudiantil en Burgos. Una maniobra medi\u00e1tica que puede representar la antesala de una nueva operaci\u00f3n represiva con la que tratar de difundir el miedo y la desmovilizaci\u00f3n para&#8230;  <a href=\"https:\/\/diariodevurgos.com\/dvwps\/nada-nuevo-bajo-el-sol-de-manipulacion-mediatica-y-movilizacion-estudiantil.php\" class=\"more-link\" title=\"Read Nada nuevo bajo el sol. De manipulaci\u00f3n medi\u00e1tica y movilizaci\u00f3n estudiantil\">Read more &raquo;<\/a><\/p>\n","protected":false},"author":2,"featured_media":0,"comment_status":"open","ping_status":"closed","sticky":false,"template":"","format":"standard","meta":[],"categories":[2,57,28,58,60,7],"tags":[],"_links":{"self":[{"href":"https:\/\/diariodevurgos.com\/dvwps\/wp-json\/wp\/v2\/posts\/9196"}],"collection":[{"href":"https:\/\/diariodevurgos.com\/dvwps\/wp-json\/wp\/v2\/posts"}],"about":[{"href":"https:\/\/diariodevurgos.com\/dvwps\/wp-json\/wp\/v2\/types\/post"}],"author":[{"embeddable":true,"href":"https:\/\/diariodevurgos.com\/dvwps\/wp-json\/wp\/v2\/users\/2"}],"replies":[{"embeddable":true,"href":"https:\/\/diariodevurgos.com\/dvwps\/wp-json\/wp\/v2\/comments?post=9196"}],"version-history":[{"count":4,"href":"https:\/\/diariodevurgos.com\/dvwps\/wp-json\/wp\/v2\/posts\/9196\/revisions"}],"predecessor-version":[{"id":9200,"href":"https:\/\/diariodevurgos.com\/dvwps\/wp-json\/wp\/v2\/posts\/9196\/revisions\/9200"}],"wp:attachment":[{"href":"https:\/\/diariodevurgos.com\/dvwps\/wp-json\/wp\/v2\/media?parent=9196"}],"wp:term":[{"taxonomy":"category","embeddable":true,"href":"https:\/\/diariodevurgos.com\/dvwps\/wp-json\/wp\/v2\/categories?post=9196"},{"taxonomy":"post_tag","embeddable":true,"href":"https:\/\/diariodevurgos.com\/dvwps\/wp-json\/wp\/v2\/tags?post=9196"}],"curies":[{"name":"wp","href":"https:\/\/api.w.org\/{rel}","templated":true}]}}