{"id":9202,"date":"2012-10-21T20:11:41","date_gmt":"2012-10-21T19:11:41","guid":{"rendered":"http:\/\/diariodevurgos.com\/dvwps\/?p=9202"},"modified":"2012-11-06T01:10:34","modified_gmt":"2012-11-06T00:10:34","slug":"sonora-pitada-a-wert-a-su-paso-por-burgos","status":"publish","type":"post","link":"https:\/\/diariodevurgos.com\/dvwps\/sonora-pitada-a-wert-a-su-paso-por-burgos.php","title":{"rendered":"Sonora pitada a Wert a su paso por Burgos"},"content":{"rendered":"<p class=\"lead\">Cientos de personas se han dado cita durante esta ma\u00f1ana domingo desafiando la incesante lluvia para recibir con una sonora pitada al actual Ministro de Educaci\u00f3n Jos\u00e9 Ignacio Wert. La presencia en Burgos de Wert, cuya pol\u00ed\u00adtica de recortes en Educaci\u00f3n ha originado uno de los inicios de curso m\u00e1s agitados en los \u00faltimos a\u00f1os, ha despertado un importante rechazo que se ha convertido en la t\u00f3nica general de cada uno de los desplazamientos que realiza el pol\u00ed\u00adtico.<\/p>\n<p>[youtube]http:\/\/www.youtube.com\/watch?v=H7PgdX2UnJE[\/youtube]<\/p>\n","protected":false},"excerpt":{"rendered":"<p>Cientos de personas se han dado cita durante esta ma\u00f1ana domingo desafiando la incesante lluvia para recibir con una sonora pitada al actual Ministro de Educaci\u00f3n Jos\u00e9 Ignacio Wert. La presencia en Burgos de Wert, cuya pol\u00ed\u00adtica de recortes en Educaci\u00f3n ha originado uno de los inicios de curso m\u00e1s agitados en los \u00faltimos a\u00f1os,&#8230;  <a href=\"https:\/\/diariodevurgos.com\/dvwps\/sonora-pitada-a-wert-a-su-paso-por-burgos.php\" class=\"more-link\" title=\"Read Sonora pitada a Wert a su paso por Burgos\">Read more &raquo;<\/a><\/p>\n","protected":false},"author":2,"featured_media":0,"comment_status":"open","ping_status":"closed","sticky":false,"template":"","format":"standard","meta":[],"categories":[2,28,58,15],"tags":[],"_links":{"self":[{"href":"https:\/\/diariodevurgos.com\/dvwps\/wp-json\/wp\/v2\/posts\/9202"}],"collection":[{"href":"https:\/\/diariodevurgos.com\/dvwps\/wp-json\/wp\/v2\/posts"}],"about":[{"href":"https:\/\/diariodevurgos.com\/dvwps\/wp-json\/wp\/v2\/types\/post"}],"author":[{"embeddable":true,"href":"https:\/\/diariodevurgos.com\/dvwps\/wp-json\/wp\/v2\/users\/2"}],"replies":[{"embeddable":true,"href":"https:\/\/diariodevurgos.com\/dvwps\/wp-json\/wp\/v2\/comments?post=9202"}],"version-history":[{"count":8,"href":"https:\/\/diariodevurgos.com\/dvwps\/wp-json\/wp\/v2\/posts\/9202\/revisions"}],"predecessor-version":[{"id":9278,"href":"https:\/\/diariodevurgos.com\/dvwps\/wp-json\/wp\/v2\/posts\/9202\/revisions\/9278"}],"wp:attachment":[{"href":"https:\/\/diariodevurgos.com\/dvwps\/wp-json\/wp\/v2\/media?parent=9202"}],"wp:term":[{"taxonomy":"category","embeddable":true,"href":"https:\/\/diariodevurgos.com\/dvwps\/wp-json\/wp\/v2\/categories?post=9202"},{"taxonomy":"post_tag","embeddable":true,"href":"https:\/\/diariodevurgos.com\/dvwps\/wp-json\/wp\/v2\/tags?post=9202"}],"curies":[{"name":"wp","href":"https:\/\/api.w.org\/{rel}","templated":true}]}}