{"id":9290,"date":"2012-11-06T14:29:44","date_gmt":"2012-11-06T13:29:44","guid":{"rendered":"http:\/\/diariodevurgos.com\/dvwps\/?p=9290"},"modified":"2012-11-07T16:38:07","modified_gmt":"2012-11-07T15:38:07","slug":"charla-en-la-biblioteca-la-maldita-sobre-los-sucesos-del-3-de-marzo-de-1976-en-vitoria","status":"publish","type":"post","link":"https:\/\/diariodevurgos.com\/dvwps\/charla-en-la-biblioteca-la-maldita-sobre-los-sucesos-del-3-de-marzo-de-1976-en-vitoria.php","title":{"rendered":"Charla en la Biblioteca La Maldita sobre los sucesos del 3 de marzo de 1976 en Vitoria"},"content":{"rendered":"<p class=\"lead\">El pr\u00f3ximo <strong>viernes 9 de noviembre<\/strong> a partir de las <strong>20.00 horas<\/strong> tendr\u00e1 lugar una charla en la <strong>Biblioteca Anarquista <em>La Maldita <\/em><\/strong>sobre los <a title=\"Sucesos de Vitoria\" href=\"http:\/\/es.wikipedia.org\/wiki\/Sucesos_de_Vitoria\">sucesos del 3 de marzo de 1976 en Vitoria<\/a>.\u00a0 Una iniciativa en la que se contar\u00e1 con la presencia de algunos de los protagonistas de unos sucesos marcados por la represi\u00f3n estatal contra una huelga que se hab\u00ed\u00ada convocado desde premisas asamblearias y que se sald\u00f3 con 5 personas muertas y 150 heridos de bala a manos de disparos de la polic\u00ed\u00ada. Durante estos d\u00ed\u00adas en la biblioteca libertaria de Gamonal\u00a0 puede visitarse la<strong> exposici\u00f3n fotogr\u00e1fica<\/strong> elaborada por el <a title=\"3 de marzo \" href=\"http:\/\/www.martxoak3.org\/es_ES\/loshechos\/\">colectivo 3 de Marzo<\/a> que narra estos hechos.<\/p>\n<p style=\"text-align: center;\"><img loading=\"lazy\" class=\"aligncenter size-full wp-image-9291\" title=\"IMGP0992\" src=\"http:\/\/diariodevurgos.com\/dvwps\/wp-content\/uploads\/2012\/11\/IMGP0992.JPG\" alt=\"IMGP0992\" width=\"410\" height=\"305\" \/><\/p>\n<p style=\"text-align: left;\"><strong>ACTUALIZADO 07\/11\/2012:<\/strong> Desde \u00a0<a title=\"Los sucesos de vitoria en Radio Onda Expansiva\" href=\"http:\/\/ondaexpansiva.net\/?p=1348\">Radio Onda Expansiva publican una entrevista con Andoni Txasko<\/a>, portavoz de la asociaci\u00f3n de Victimas y familiares de victimas del 3 de marzo<\/p>\n<p style=\"text-align: left;\"><!--more--><\/p>\n<p style=\"text-align: left;\">Los sucesos de Vitoria tuvieron lugar el 3 de marzo de 1976 en plena democracia. Durante una jornada de huelga, la polic\u00ed\u00ada armada lanz\u00f3 gases lacrim\u00f3genos para desalojar a los trabajadores que estaban reunidos en asamblea en la iglesia de San Francisco de As\u00ed\u00ads, y dispar\u00f3 contra los que sal\u00ed\u00adan de la iglesia. La actuaci\u00f3n policial se sald\u00f3 con cinco personas muertas y m\u00e1s de 150 heridos de bala.<\/p>\n<p style=\"text-align: center;\"><img loading=\"lazy\" class=\"aligncenter size-full wp-image-9292\" title=\"13193_0303_manifestacion_en_VITORIA_1976\" src=\"http:\/\/diariodevurgos.com\/dvwps\/wp-content\/uploads\/2012\/11\/13193_0303_manifestacion_en_VITORIA_1976.jpg\" alt=\"13193_0303_manifestacion_en_VITORIA_1976\" width=\"425\" height=\"306\" \/><\/p>\n<p style=\"text-align: center;\"><img loading=\"lazy\" class=\"aligncenter size-full wp-image-9293\" title=\"3marzo3\" src=\"http:\/\/diariodevurgos.com\/dvwps\/wp-content\/uploads\/2012\/11\/3marzo3.jpg\" alt=\"3marzo3\" width=\"429\" height=\"186\" srcset=\"https:\/\/diariodevurgos.com\/dvwps\/wp-content\/uploads\/2012\/11\/3marzo3.jpg 424w, https:\/\/diariodevurgos.com\/dvwps\/wp-content\/uploads\/2012\/11\/3marzo3-300x130.jpg 300w\" sizes=\"(max-width: 429px) 100vw, 429px\" \/><\/p>\n<p style=\"text-align: left;\">Esto supuso un punto de inflexi\u00f3n en el fuerte movimiento asambleario y aut\u00f3nomo de los a\u00f1os 70 provocando la ca\u00ed\u00adda del movimiento contestatario y dando paso a la institucionalizaci\u00f3n en partidos y sindicatos.<\/p>\n<p style=\"text-align: center;\"><img loading=\"lazy\" class=\"aligncenter size-full wp-image-9294\" title=\"IMGP0995\" src=\"http:\/\/diariodevurgos.com\/dvwps\/wp-content\/uploads\/2012\/11\/IMGP0995.JPG\" alt=\"IMGP0995\" width=\"447\" height=\"332\" \/><\/p>\n<p style=\"text-align: left;\">Cuando los poderosos se sienten amenazados utilizan a sus mercenarios, ll\u00e1mese polic\u00ed\u00ada, desatando la represi\u00f3n sin importarle los muertos que deja atr\u00e1s, da igual el r\u00e9gimen y los tiempos, s\u00f3lo cambian algunas formas, la represi\u00f3n es el arma para atacar a los que no aceptan los cauces establecidos [&#8230;]<\/p>\n<p style=\"text-align: left;\">Texto extra\u00ed\u00addo del <a title=\"Bolet\u00ed\u00adn Jornadas Noviembre Biblioteca Anarquista La Maldita\" href=\"http:\/\/ia600806.us.archive.org\/25\/items\/BoletnBibliotecaAnarquistaLaMalditaSobreJornadasNoviembre2012\/BoletinLaMaldita.pdf\">bolet\u00ed\u00adn publicado por la Biblioteca Anarquista La Maldita para las jornadas de noviembre.<\/a><\/p>\n<p style=\"text-align: left;\">Fragmento del documental <em>La Revolta Permanet Vitoria-Gazteiz 3\/03\/1976<\/em> donde se explican los Sucesos de Vitoria.<\/p>\n<p style=\"text-align: left;\">[youtube]http:\/\/www.youtube.com\/watch?v=gIzOSru79x8[\/youtube]<\/p>\n<p style=\"text-align: left;\">\n<p style=\"text-align: left;\">\n<p style=\"text-align: left;\">\n<p style=\"text-align: left;\">\n<p style=\"text-align: left;\">\n","protected":false},"excerpt":{"rendered":"<p>El pr\u00f3ximo viernes 9 de noviembre a partir de las 20.00 horas tendr\u00e1 lugar una charla en la Biblioteca Anarquista La Maldita sobre los sucesos del 3 de marzo de 1976 en Vitoria.\u00a0 Una iniciativa en la que se contar\u00e1 con la presencia de algunos de los protagonistas de unos sucesos marcados por la represi\u00f3n&#8230;  <a href=\"https:\/\/diariodevurgos.com\/dvwps\/charla-en-la-biblioteca-la-maldita-sobre-los-sucesos-del-3-de-marzo-de-1976-en-vitoria.php\" class=\"more-link\" title=\"Read Charla en la Biblioteca La Maldita sobre los sucesos del 3 de marzo de 1976 en Vitoria\">Read more &raquo;<\/a><\/p>\n","protected":false},"author":2,"featured_media":0,"comment_status":"open","ping_status":"closed","sticky":false,"template":"","format":"standard","meta":[],"categories":[2,57,27,6,47,49,8,17,15],"tags":[],"_links":{"self":[{"href":"https:\/\/diariodevurgos.com\/dvwps\/wp-json\/wp\/v2\/posts\/9290"}],"collection":[{"href":"https:\/\/diariodevurgos.com\/dvwps\/wp-json\/wp\/v2\/posts"}],"about":[{"href":"https:\/\/diariodevurgos.com\/dvwps\/wp-json\/wp\/v2\/types\/post"}],"author":[{"embeddable":true,"href":"https:\/\/diariodevurgos.com\/dvwps\/wp-json\/wp\/v2\/users\/2"}],"replies":[{"embeddable":true,"href":"https:\/\/diariodevurgos.com\/dvwps\/wp-json\/wp\/v2\/comments?post=9290"}],"version-history":[{"count":7,"href":"https:\/\/diariodevurgos.com\/dvwps\/wp-json\/wp\/v2\/posts\/9290\/revisions"}],"predecessor-version":[{"id":9296,"href":"https:\/\/diariodevurgos.com\/dvwps\/wp-json\/wp\/v2\/posts\/9290\/revisions\/9296"}],"wp:attachment":[{"href":"https:\/\/diariodevurgos.com\/dvwps\/wp-json\/wp\/v2\/media?parent=9290"}],"wp:term":[{"taxonomy":"category","embeddable":true,"href":"https:\/\/diariodevurgos.com\/dvwps\/wp-json\/wp\/v2\/categories?post=9290"},{"taxonomy":"post_tag","embeddable":true,"href":"https:\/\/diariodevurgos.com\/dvwps\/wp-json\/wp\/v2\/tags?post=9290"}],"curies":[{"name":"wp","href":"https:\/\/api.w.org\/{rel}","templated":true}]}}