{"id":9343,"date":"2012-11-12T17:41:37","date_gmt":"2012-11-12T16:41:37","guid":{"rendered":"http:\/\/diariodevurgos.com\/dvwps\/?p=9343"},"modified":"2012-11-12T17:41:37","modified_gmt":"2012-11-12T16:41:37","slug":"motivos-para-el-14-n-huelga-general","status":"publish","type":"post","link":"https:\/\/diariodevurgos.com\/dvwps\/motivos-para-el-14-n-huelga-general.php","title":{"rendered":"Motivos para el 14-N: Huelga General"},"content":{"rendered":"<p class=\"lead\">Las organizaciones<a title=\"CNT Burgos\" href=\"http:\/\/cntburgos.blogspot.com.es\/\"> CNT<\/a> y <a title=\"CGT Burgos\" href=\"http:\/\/www.cgtburgos.org\/\">CGT<\/a> de Burgos han consensuado un llamamiento para secundar la huelga del pr\u00f3ximo 14 de noviembre de 2012 convocando un bloque conjunto para la manifestaci\u00f3n que dar\u00e1 comienzo a partir de las <strong>19.00 horas en la Plaza del Cid <\/strong>y con final previsto en la Plaza de la Flora.<\/p>\n<p style=\"text-align: center;\"><img loading=\"lazy\" class=\"aligncenter size-full wp-image-9344\" title=\"mani14nbu\" src=\"http:\/\/diariodevurgos.com\/dvwps\/wp-content\/uploads\/2012\/11\/mani14nbu.png\" alt=\"mani14nbu\" width=\"400\" height=\"134\" srcset=\"https:\/\/diariodevurgos.com\/dvwps\/wp-content\/uploads\/2012\/11\/mani14nbu.png 400w, https:\/\/diariodevurgos.com\/dvwps\/wp-content\/uploads\/2012\/11\/mani14nbu-300x100.png 300w\" sizes=\"(max-width: 400px) 100vw, 400px\" \/><!--more--><\/p>\n<p>\u00a1\u00a1TODOS!!. No hay ni un solo aspecto relacionado con la clase trabajadora, que no haya sido tocado por parte del gobierno para empeorar nuestra situaci\u00f3n. Desde las contrarreformas laborales, los Decretos, los cambios en la legislaci\u00f3n, incluida la constituci\u00f3n, todo ello ha sido dirigido a recortar nuestros derechos, los laborales y los sociales.<br \/>\nHan disminuido nuestros salarios y congelado las pensiones, han aumentado nuestra jornada laboral, abaratado el despido y disminuido las prestaciones al desempleo, han alargado la edad de jubilaci\u00f3n, han eliminado las becas y han aumentado los impuestos gravando m\u00e1s a la clase trabajadora. Han vendido los servicios p\u00fablicos, la sanidad, la educaci\u00f3n, los servicios sociales, la cultura, el transporte, las comunicaciones, la energ\u00ed\u00ada, el agua&#8230;, desviando los recursos p\u00fablicos, a los bolsillos de unas pocas empresas.<\/p>\n<p>Nos est\u00e1n robando miles de millones de euros, que salen de las arcas p\u00fablicas para pagar una deuda ileg\u00ed\u00adtima y sus intereses, para rescatar a la banca y las grandes empresas.<\/p>\n<p>CGT y CNT, convocamos esta huelga del 14 de noviembre, porque las pol\u00ed\u00adticas del gobierno han provocado que 6 millones de personas est\u00e9n en el paro, que el 52% de la juventud no tenga trabajo y tenga que emigrar, que m\u00e1s de 700 mil personas hayan sido desalojadas de su vivienda, que millones de personas est\u00e9n en el umbral de la pobreza, que nos est\u00e9n estafando a toda la poblaci\u00f3n para pagar su crisis.<\/p>\n<p>Todas estas contrarreformas en la leyes y recortes en los presupuestos nos est\u00e1n llevando a una aut\u00e9ntica emergencia social, ni en nuestras peores pesadillas hubi\u00e9ramos sido capaces de imaginar este salto atr\u00e1s en derechos fundamentales, derecho de reuni\u00f3n, de manifestaci\u00f3n, de expresi\u00f3n, el derecho a la salud, a la cultura, a una vivienda digna, a la protecci\u00f3n social en caso de enfermedad, paro o invalidez. SI NO PONEMOS REMEDIO nos llevar\u00e1n a la gran mayor\u00ed\u00ada a la miseria, porque su avaricia no conoce l\u00ed\u00admites.<\/p>\n<p>CNT y CGT convocamos esta huelga, para gritar \u00a1\u00a1BASTA!!, para manifestar que hay soluciones, que esta crisis la tienen que pagar sus responsables y que toda la legislaci\u00f3n y reformas aprobadas con su excusa no sirven para salir de esta emergencia social que nos han impuesto y que por lo tanto se tiene que derogar.<\/p>\n<p>Que hay que repartir el trabajo y la riqueza, hay que parar la sangr\u00ed\u00ada de los desahucios, emplear el dinero p\u00fablico en las necesidades de las personas y no en el rescate de bancos.<\/p>\n<p>CGT y CNT convocamos esta huelga, porque rechazamos el modelo neoliberal, que impulsa pol\u00ed\u00adticas econ\u00f3micas de crecimiento descerebrado a beneficio de unos pocos, exprimiendo a la clase trabajadora y llevando al planeta a una verdadera crisis clim\u00e1tica y de biodiversidad.<\/p>\n<p>CNT y CGT convocamos esta huelga, para mejorar nuestro presente y para que nuestras hijas e hijos puedan tener un futuro, porque nuestra conciencia as\u00ed\u00ad lo exige.<\/p>\n<p>Nuestra acci\u00f3n no quedar\u00e1 aqu\u00ed\u00ad. Plantearemos y secundaremos movilizaciones sin descanso hasta que revierta la situaci\u00f3n, frenando y dando la vuelta a esta pol\u00ed\u00adtica que beneficia a los muy ricos y empobrece y elimina a los dem\u00e1s.<\/p>\n<p>Las organizaciones CGT y CNT somos conscientes del reto y seremos capaces de ir m\u00e1s all\u00e1 de paros de 24 horas aislados en el tiempo, por lo que trabajaremos para incorporar al conjunto de la clase trabajadora a una movilizaci\u00f3n continuada.<\/p>\n","protected":false},"excerpt":{"rendered":"<p>Las organizaciones CNT y CGT de Burgos han consensuado un llamamiento para secundar la huelga del pr\u00f3ximo 14 de noviembre de 2012 convocando un bloque conjunto para la manifestaci\u00f3n que dar\u00e1 comienzo a partir de las 19.00 horas en la Plaza del Cid y con final previsto en la Plaza de la Flora.<\/p>\n","protected":false},"author":2,"featured_media":0,"comment_status":"open","ping_status":"closed","sticky":false,"template":"","format":"standard","meta":[],"categories":[2,57,60,7],"tags":[],"_links":{"self":[{"href":"https:\/\/diariodevurgos.com\/dvwps\/wp-json\/wp\/v2\/posts\/9343"}],"collection":[{"href":"https:\/\/diariodevurgos.com\/dvwps\/wp-json\/wp\/v2\/posts"}],"about":[{"href":"https:\/\/diariodevurgos.com\/dvwps\/wp-json\/wp\/v2\/types\/post"}],"author":[{"embeddable":true,"href":"https:\/\/diariodevurgos.com\/dvwps\/wp-json\/wp\/v2\/users\/2"}],"replies":[{"embeddable":true,"href":"https:\/\/diariodevurgos.com\/dvwps\/wp-json\/wp\/v2\/comments?post=9343"}],"version-history":[{"count":1,"href":"https:\/\/diariodevurgos.com\/dvwps\/wp-json\/wp\/v2\/posts\/9343\/revisions"}],"predecessor-version":[{"id":9345,"href":"https:\/\/diariodevurgos.com\/dvwps\/wp-json\/wp\/v2\/posts\/9343\/revisions\/9345"}],"wp:attachment":[{"href":"https:\/\/diariodevurgos.com\/dvwps\/wp-json\/wp\/v2\/media?parent=9343"}],"wp:term":[{"taxonomy":"category","embeddable":true,"href":"https:\/\/diariodevurgos.com\/dvwps\/wp-json\/wp\/v2\/categories?post=9343"},{"taxonomy":"post_tag","embeddable":true,"href":"https:\/\/diariodevurgos.com\/dvwps\/wp-json\/wp\/v2\/tags?post=9343"}],"curies":[{"name":"wp","href":"https:\/\/api.w.org\/{rel}","templated":true}]}}