{"id":9408,"date":"2012-11-18T14:27:44","date_gmt":"2012-11-18T13:27:44","guid":{"rendered":"http:\/\/diariodevurgos.com\/dvwps\/?p=9408"},"modified":"2012-11-19T17:21:47","modified_gmt":"2012-11-19T16:21:47","slug":"charla-sobre-privatizacion-en-csa-zaragalla","status":"publish","type":"post","link":"https:\/\/diariodevurgos.com\/dvwps\/charla-sobre-privatizacion-en-csa-zaragalla.php","title":{"rendered":"Charla sobre privatizaci\u00f3n en CSA Zaragalla"},"content":{"rendered":"<p style=\"text-align: left;\" class=\"lead\"><em><a href=\"http:\/\/diariodevurgos.com\/dvwps\/wp-content\/uploads\/2012\/11\/Privatizaci\u00f3n.jpg\"><img loading=\"lazy\" class=\"alignleft size-medium wp-image-9406\" title=\"Privatizaci\u00f3n\" src=\"http:\/\/diariodevurgos.com\/dvwps\/wp-content\/uploads\/2012\/11\/Privatizaci\u00f3n-212x300.jpg\" alt=\"Privatizaci\u00f3n\" width=\"212\" height=\"300\" srcset=\"https:\/\/diariodevurgos.com\/dvwps\/wp-content\/uploads\/2012\/11\/Privatizaci\u00f3n-212x300.jpg 212w, https:\/\/diariodevurgos.com\/dvwps\/wp-content\/uploads\/2012\/11\/Privatizaci\u00f3n-724x1024.jpg 724w\" sizes=\"(max-width: 212px) 100vw, 212px\" \/><\/a>El actual modelo social y ec\u00f3nomico est\u00e1 llevando a una mayor  privatizaci\u00f3n de todos los sectores que ata\u00f1en a nuestra vida.Analizando  el sector ferroviario,la educaci\u00f3n y l<\/em><em><strong> <\/strong><\/em><em>a sanidad queremos dar pie a un debate que cuestione la mercantilizaci\u00f3n de los sectorres p\u00fablicos.<br \/>\nBuscar  estrategias que nos sirvan para frenar el desarrollo del capitalismo y  las relaciones de dominaci\u00f3n que de ella derivan, as\u00ed\u00ad como construir  alternativas desde la autogesti\u00f3n y la autonom\u00ed\u00ada.<\/em><\/p>\n<p style=\"text-align: left;\">\n<p style=\"text-align: left;\">\n<p style=\"text-align: left;\">\n<p style=\"text-align: left;\">\n<p style=\"text-align: left;\">\n<p style=\"text-align: left;\">\n<p style=\"text-align: left;\">\n<p style=\"text-align: left;\">\n<p style=\"text-align: left;\">\n<p style=\"text-align: left;\">\n<p style=\"text-align: left;\">\n<p style=\"text-align: left;\">\n<p style=\"text-align: left;\"><em><strong>Charla-debate el 23 de Noviembre a las 18:30 horas, en el CSA Zaragalla, al finalizar habr\u00e1 un cenador vegano.<\/strong><\/em><\/p>\n<p style=\"text-align: left;\">\n<p style=\"text-align: left;\"><strong>Nota de DV<\/strong>: Teniendo en cuenta la gran cantidad de actividades  que colectivos libertarios y movimientos sociales han programado para el  mes de noviembre hemos elaborado una peque\u00f1a agenda (en la que  seguramete nos dejamos iniciativas por rese\u00f1ar) que pod\u00e9is descargar  desde el siguiente <a title=\"Aganda actividades noviembre\" href=\"http:\/\/ia600803.us.archive.org\/34\/items\/ActividadesOctubre-noviembre\/ActividadesOctnov.pdf\">enlace<\/a><\/p>\n","protected":false},"excerpt":{"rendered":"<p>El actual modelo social y ec\u00f3nomico est\u00e1 llevando a una mayor privatizaci\u00f3n de todos los sectores que ata\u00f1en a nuestra vida.Analizando el sector ferroviario,la educaci\u00f3n y l a sanidad queremos dar pie a un debate que cuestione la mercantilizaci\u00f3n de los sectorres p\u00fablicos. Buscar estrategias que nos sirvan para frenar el desarrollo del capitalismo y&#8230;  <a href=\"https:\/\/diariodevurgos.com\/dvwps\/charla-sobre-privatizacion-en-csa-zaragalla.php\" class=\"more-link\" title=\"Read Charla sobre privatizaci\u00f3n en CSA Zaragalla\">Read more &raquo;<\/a><\/p>\n","protected":false},"author":8,"featured_media":0,"comment_status":"open","ping_status":"closed","sticky":false,"template":"","format":"standard","meta":[],"categories":[61,2,57,28,53],"tags":[],"_links":{"self":[{"href":"https:\/\/diariodevurgos.com\/dvwps\/wp-json\/wp\/v2\/posts\/9408"}],"collection":[{"href":"https:\/\/diariodevurgos.com\/dvwps\/wp-json\/wp\/v2\/posts"}],"about":[{"href":"https:\/\/diariodevurgos.com\/dvwps\/wp-json\/wp\/v2\/types\/post"}],"author":[{"embeddable":true,"href":"https:\/\/diariodevurgos.com\/dvwps\/wp-json\/wp\/v2\/users\/8"}],"replies":[{"embeddable":true,"href":"https:\/\/diariodevurgos.com\/dvwps\/wp-json\/wp\/v2\/comments?post=9408"}],"version-history":[{"count":10,"href":"https:\/\/diariodevurgos.com\/dvwps\/wp-json\/wp\/v2\/posts\/9408\/revisions"}],"predecessor-version":[{"id":9421,"href":"https:\/\/diariodevurgos.com\/dvwps\/wp-json\/wp\/v2\/posts\/9408\/revisions\/9421"}],"wp:attachment":[{"href":"https:\/\/diariodevurgos.com\/dvwps\/wp-json\/wp\/v2\/media?parent=9408"}],"wp:term":[{"taxonomy":"category","embeddable":true,"href":"https:\/\/diariodevurgos.com\/dvwps\/wp-json\/wp\/v2\/categories?post=9408"},{"taxonomy":"post_tag","embeddable":true,"href":"https:\/\/diariodevurgos.com\/dvwps\/wp-json\/wp\/v2\/tags?post=9408"}],"curies":[{"name":"wp","href":"https:\/\/api.w.org\/{rel}","templated":true}]}}