{"id":9490,"date":"2012-11-29T14:23:01","date_gmt":"2012-11-29T13:23:01","guid":{"rendered":"http:\/\/diariodevurgos.com\/dvwps\/?p=9490"},"modified":"2012-11-29T14:30:34","modified_gmt":"2012-11-29T13:30:34","slug":"muertes-bajo-custodia-en-el-ano-2012","status":"publish","type":"post","link":"https:\/\/diariodevurgos.com\/dvwps\/muertes-bajo-custodia-en-el-ano-2012.php","title":{"rendered":"Muertes bajo custodia en el a\u00f1o 2012"},"content":{"rendered":"<p class=\"lead\">El <a title=\"Centro de Documentaci\u00f3n contra la Tortura\" href=\"http:\/\/www.nodo50.org\/tortura\/spip\/\">Centro de Documentaci\u00f3n contra la Tortura<\/a> ha elaborado un informe en el que se detalla de forma pormenorizada las muertes producidas bajo custodia del Estado durante este a\u00f1o 2012. En el informe se desglosan las muertes producidas en <strong>centros de privaci\u00f3n de libertad<\/strong> como prisiones o centros de reclusi\u00f3n de menores,\u00a0 as\u00ed\u00ad como aquellas registradass\u00a0 bajo custodia de los diversos <strong>cuerpos policiales que operan en el Estado Espa\u00f1ol<\/strong> y en operaciones llevadas a cabo por los mismos. El informe puede ser consultado de forma \u00ed\u00adntegra a trav\u00e9s del siguiente<a title=\"Muertes bajo custodia 2012\" href=\"http:\/\/ia600307.us.archive.org\/16\/items\/MuertesBajoCustodiaEn2012\/MuertesBajoCustodiaEnElAo2012.pdf\"> enlace<\/a>.<\/p>\n<p style=\"text-align: center;\"><img loading=\"lazy\" class=\"aligncenter size-full wp-image-9491\" title=\"cabecera\" src=\"http:\/\/diariodevurgos.com\/dvwps\/wp-content\/uploads\/2012\/11\/cabecera.jpg\" alt=\"cabecera\" width=\"476\" height=\"136\" srcset=\"https:\/\/diariodevurgos.com\/dvwps\/wp-content\/uploads\/2012\/11\/cabecera.jpg 754w, https:\/\/diariodevurgos.com\/dvwps\/wp-content\/uploads\/2012\/11\/cabecera-300x85.jpg 300w\" sizes=\"(max-width: 476px) 100vw, 476px\" \/><\/p>\n","protected":false},"excerpt":{"rendered":"<p>El Centro de Documentaci\u00f3n contra la Tortura ha elaborado un informe en el que se detalla de forma pormenorizada las muertes producidas bajo custodia del Estado durante este a\u00f1o 2012. En el informe se desglosan las muertes producidas en centros de privaci\u00f3n de libertad como prisiones o centros de reclusi\u00f3n de menores,\u00a0 as\u00ed\u00ad como aquellas&#8230;  <a href=\"https:\/\/diariodevurgos.com\/dvwps\/muertes-bajo-custodia-en-el-ano-2012.php\" class=\"more-link\" title=\"Read Muertes bajo custodia en el a\u00f1o 2012\">Read more &raquo;<\/a><\/p>\n","protected":false},"author":2,"featured_media":0,"comment_status":"open","ping_status":"closed","sticky":false,"template":"","format":"standard","meta":[],"categories":[22,8],"tags":[],"_links":{"self":[{"href":"https:\/\/diariodevurgos.com\/dvwps\/wp-json\/wp\/v2\/posts\/9490"}],"collection":[{"href":"https:\/\/diariodevurgos.com\/dvwps\/wp-json\/wp\/v2\/posts"}],"about":[{"href":"https:\/\/diariodevurgos.com\/dvwps\/wp-json\/wp\/v2\/types\/post"}],"author":[{"embeddable":true,"href":"https:\/\/diariodevurgos.com\/dvwps\/wp-json\/wp\/v2\/users\/2"}],"replies":[{"embeddable":true,"href":"https:\/\/diariodevurgos.com\/dvwps\/wp-json\/wp\/v2\/comments?post=9490"}],"version-history":[{"count":6,"href":"https:\/\/diariodevurgos.com\/dvwps\/wp-json\/wp\/v2\/posts\/9490\/revisions"}],"predecessor-version":[{"id":9497,"href":"https:\/\/diariodevurgos.com\/dvwps\/wp-json\/wp\/v2\/posts\/9490\/revisions\/9497"}],"wp:attachment":[{"href":"https:\/\/diariodevurgos.com\/dvwps\/wp-json\/wp\/v2\/media?parent=9490"}],"wp:term":[{"taxonomy":"category","embeddable":true,"href":"https:\/\/diariodevurgos.com\/dvwps\/wp-json\/wp\/v2\/categories?post=9490"},{"taxonomy":"post_tag","embeddable":true,"href":"https:\/\/diariodevurgos.com\/dvwps\/wp-json\/wp\/v2\/tags?post=9490"}],"curies":[{"name":"wp","href":"https:\/\/api.w.org\/{rel}","templated":true}]}}