{"id":950,"date":"2007-11-19T22:57:27","date_gmt":"2007-11-19T21:57:27","guid":{"rendered":"http:\/\/diariodevurgos.com\/dvwps\/jornadas-libertarias.php"},"modified":"2008-01-03T09:44:13","modified_gmt":"2008-01-03T08:44:13","slug":"jornadas-libertarias","status":"publish","type":"post","link":"https:\/\/diariodevurgos.com\/dvwps\/jornadas-libertarias.php","title":{"rendered":"Jornadas Libertarias"},"content":{"rendered":"<p class=\"lead\"><img align=\"right\" alt=\"energia-accion-b.jpg\" title=\"energia-accion-b.jpg\" id=\"image108\" src=\"http:\/\/diariodevurgos.com\/dvwps\/wp-content\/uploads\/2007\/01\/energia-accion-b.jpg\" \/>La organizaci\u00f3n anarco-sindicalista <strong>C.N.T<\/strong> va a llevar a cabo una <strong>Jornadas Libertarias<\/strong> en Burgos entre los d\u00ed\u00adas <strong>21 y el 30 de noviembre<\/strong>. Jornadas que, se desarrollaran en la Casa de la Cultura de Gamonal, y incluyen una serie de charlas y pomencias sobre diferentes temas  de actualidad .Publicamos el programa que nos ha sido enviado por correo.<\/p>\n<p><!--more-->Burgos, 14 de noviembre de 2007<br \/>\nLa Confederaci\u00f3n Nacional del Trabajo de Burgos ha organizado unas <strong>JORNADAS LIBERTARIAS<\/strong> para finales de noviembre, con una serie de charlas de car\u00e1cter social y sindical que se desarrollar\u00e1n en la Casa de la Cultura de Gamonal entre los d\u00ed\u00adas 21 y 30 de noviembre.<\/p>\n<p><strong>CONTENIDO DE LAS JORNADAS:<\/strong><\/p>\n<p>D\u00ed\u00ada <strong>21 de noviembre<\/strong> a las 19:00 horas:<br \/>\n<strong>CNT ante el Plan Bolonia<\/strong><br \/>\nPonente: Javier Ant\u00f3n (profesor de la Universidad Complutense de Madrid)<\/p>\n<p>D\u00ed\u00ada <strong>22 de noviembre<\/strong> a las 19:00 horas:<br \/>\n<strong>Anarcosindicalismo<\/strong><br \/>\nPonente: I\u00f1aki Gil (ex secretario general de la CNT)<\/p>\n<p>D\u00ed\u00ada <strong>27 de noviembre<\/strong> a las 19:00 horas:<br \/>\n<strong>Reforma Laboral<\/strong> <strong>(la p\u00e9rdida de los derechos de los trabajadores)<\/strong><br \/>\nPonente: Juan de la Lama (abogado laboralista)<\/p>\n<p>D\u00ed\u00ada <strong>28 de noviembre<\/strong> a las 19:00 horas:<br \/>\n<strong>La represi\u00f3n franquista en la provincia de Burgos<br \/>\n<\/strong>Ponente: Mauro Torres (CNT Burgos)<\/p>\n<p>D\u00ed\u00ada <strong>29 de noviembre<\/strong> a las 19:00 horas:<br \/>\n<strong>Econom\u00ed\u00ada y anarquismo<br \/>\n<\/strong>Ponente: Jos\u00e9 Lu\u00ed\u00ads Velasco (Economista y militante de la CNT)<\/p>\n<p>D\u00ed\u00ada <strong>30 de noviembre<\/strong> a las 19:00 horas:<br \/>\n<strong>Educaci\u00f3n para la ciudadan\u00ed\u00ada<\/strong><br \/>\nPonente: Jos\u00e9 Antonio Canales (profesor educaci\u00f3n secundaria y militante de la CNT)<\/p>\n","protected":false},"excerpt":{"rendered":"<p>La organizaci\u00f3n anarco-sindicalista C.N.T va a llevar a cabo una Jornadas Libertarias en Burgos entre los d\u00ed\u00adas 21 y el 30 de noviembre. Jornadas que, se desarrollaran en la Casa de la Cultura de Gamonal, y incluyen una serie de charlas y pomencias sobre diferentes temas de actualidad .Publicamos el programa que nos ha sido&#8230;  <a href=\"https:\/\/diariodevurgos.com\/dvwps\/jornadas-libertarias.php\" class=\"more-link\" title=\"Read Jornadas Libertarias\">Read more &raquo;<\/a><\/p>\n","protected":false},"author":8,"featured_media":0,"comment_status":"open","ping_status":"closed","sticky":false,"template":"","format":"standard","meta":[],"categories":[2,14,27],"tags":[],"_links":{"self":[{"href":"https:\/\/diariodevurgos.com\/dvwps\/wp-json\/wp\/v2\/posts\/950"}],"collection":[{"href":"https:\/\/diariodevurgos.com\/dvwps\/wp-json\/wp\/v2\/posts"}],"about":[{"href":"https:\/\/diariodevurgos.com\/dvwps\/wp-json\/wp\/v2\/types\/post"}],"author":[{"embeddable":true,"href":"https:\/\/diariodevurgos.com\/dvwps\/wp-json\/wp\/v2\/users\/8"}],"replies":[{"embeddable":true,"href":"https:\/\/diariodevurgos.com\/dvwps\/wp-json\/wp\/v2\/comments?post=950"}],"version-history":[{"count":0,"href":"https:\/\/diariodevurgos.com\/dvwps\/wp-json\/wp\/v2\/posts\/950\/revisions"}],"wp:attachment":[{"href":"https:\/\/diariodevurgos.com\/dvwps\/wp-json\/wp\/v2\/media?parent=950"}],"wp:term":[{"taxonomy":"category","embeddable":true,"href":"https:\/\/diariodevurgos.com\/dvwps\/wp-json\/wp\/v2\/categories?post=950"},{"taxonomy":"post_tag","embeddable":true,"href":"https:\/\/diariodevurgos.com\/dvwps\/wp-json\/wp\/v2\/tags?post=950"}],"curies":[{"name":"wp","href":"https:\/\/api.w.org\/{rel}","templated":true}]}}