{"id":9514,"date":"2012-12-06T08:00:41","date_gmt":"2012-12-06T07:00:41","guid":{"rendered":"http:\/\/diariodevurgos.com\/dvwps\/?p=9514"},"modified":"2012-12-05T23:10:32","modified_gmt":"2012-12-05T22:10:32","slug":"comunicado-de-la-asamblea-autonoma-de-estudiantes-acerca-de-los-ultimos-incidentes-ocurridos-en-la-universidad-de-burgos","status":"publish","type":"post","link":"https:\/\/diariodevurgos.com\/dvwps\/comunicado-de-la-asamblea-autonoma-de-estudiantes-acerca-de-los-ultimos-incidentes-ocurridos-en-la-universidad-de-burgos.php","title":{"rendered":"Comunicado de la Asamblea Aut\u00f3noma de Estudiantes acerca de los \u00faltimos incidentes ocurridos en la Universidad de Burgos"},"content":{"rendered":"<p style=\"margin-bottom: 0.35cm; line-height: 150%\" align=\"JUSTIFY\" class=\"lead\"><span style=\"font-family: Arial Narrow,sans-serif;\"><span style=\"font-size: x-small;\"><span lang=\"ar-SA\"> <\/span><\/span><\/span><span style=\"font-family: Arial Narrow,sans-serif;\"><span style=\"font-size: x-small;\"><span lang=\"ar-SA\"> <\/span><\/span><\/span><img loading=\"lazy\" class=\"alignright size-full wp-image-9515\" title=\"el-roto-obdc\" src=\"http:\/\/diariodevurgos.com\/dvwps\/wp-content\/uploads\/2012\/12\/el-roto-obdc.jpg\" alt=\"el-roto-obdc\" width=\"243\" height=\"173\" srcset=\"https:\/\/diariodevurgos.com\/dvwps\/wp-content\/uploads\/2012\/12\/el-roto-obdc.jpg 450w, https:\/\/diariodevurgos.com\/dvwps\/wp-content\/uploads\/2012\/12\/el-roto-obdc-300x213.jpg 300w\" sizes=\"(max-width: 243px) 100vw, 243px\" \/>Desde el cambio de cargos en la Facultad de Humanidades, espacio normalmente en el que nuestros actos y acciones se desenvolv\u00ed\u00adan, las cosas han cambiado bastante. Hasta entonces la asamblea goz\u00f3 de una libertad, m\u00e1s o menos, plena para la realizaci\u00f3n de actividades pero tras el desenlace de la lucha contra la implantaci\u00f3n del espacio europeo de educaci\u00f3n superior y las nuevas elecciones al decanato de la facultad parece ser que desde el rectorado han visto que nuestros eventos y acciones pueden ser un problema, puesto que se escapan de su control y plantean un cambio radical y una soluci\u00f3n horizontal a los diferentes conflictos que se plantean tanto a la juventud como a la sociedad en general. <!--more--><\/p>\n<p>En la lucha contra Bolonia comenz\u00f3 una sutil censura emprendida por el poder, la censura democr\u00e1tica, censura blanca. Primero se modific\u00f3 la legislaci\u00f3n universitaria para que solicitar un espacio solo estuviera al alcance de asociaciones registradas dentro de la universidad, cargos electos ( delegadxs, subdelegadxs) o alg\u00fanx alumnx con el aval de unx profesorx, cosa que hasta entonces no hab\u00ed\u00ada sido necesaria. No se sabe si como una estrategia intencionada o simplemente como una etapa m\u00e1s dentro de la uniformidad y la homogeneidad de nuestro modelo social, para que nada quede suelto y todo este bajo su dominio.<\/p>\n<p>Posteriormente se intentaron realizar dos actos en la facultad de humanidades solicitando el permiso de espacios, sin embargo desde el decanato todo fueron pegas y malas caras, que si &#8220;no se puede ofrecer comida en el recinto&#8221;\u009d,&#8221;\u009d cocinar es un peligro, puede explotar la facultad&#8221;\u009d&#8230; y otra cantidad de perlas m\u00e1s.<\/p>\n<p>Valorando la situaci\u00f3n en la que nos encontr\u00e1bamos y teniendo en cuenta alg\u00fan que otro debate que se hab\u00ed\u00ada dado sobre autoridad y poder, decidimos romper con el modelo buen rollista de peticiones de espacios a los mismos que critic\u00e1bamos. Consideramos que era el momento de caminar solos, de no querer ser integrados como un folclore m\u00e1s de esos que abundan en la universidad, adem\u00e1s no se puede plantear un cambio radical sin morder a la instituci\u00f3n.<\/p>\n<p>A partir de entonces iniciamos un camino solos, horizontal, asambleario y autogestionado pleno, y desde ah\u00ed\u00ad comenzaron los problemas. Chantajes, sesiones fotogr\u00e1ficas y amenazas desde el decanato con expedientarnos en cada una de las actividades que realiz\u00e1bamos. Adem\u00e1s recibimos una especial atenci\u00f3n de los miembros de seguridad de la empresa Garday del jefe de seguridad de la universidad de Burgos, que en cada uno de nuestros eventos rodean, vigilan e impiden nuestra libertad y espontaneidad para llevarlos a cabo, aumento de la presencia policial en el campus y los alrededores, polic\u00ed\u00adas de paisano&#8230;<\/p>\n<p>A ra\u00ed\u00adz de las \u00faltimas huelgas en las que los piquetes han mostrado un car\u00e1cter rupturista, la universidad ha sentido miedo al ser atacada y ha asumido el papel policial, facilitando datos a la brigada de informaci\u00f3n, as\u00ed\u00ad como d\u00e1ndoles benepl\u00e1cito para su entrada en el campus. A su vez los medios de desinformaci\u00f3n (Diario de Burgos, Correo de Burgos&#8230;) no han dudado en se\u00f1alar a los antisistema, a los j\u00f3venes universitarios y los estudiantes insensatos, como culpables que solo desean destrozar, criminalizando nuestras luchas ante la sociedad y buscando generar miedo en unxs y antipat\u00ed\u00ada en otrxs.<\/p>\n<p>Por el momento el resultado de toda esta caza de brujas es de tres j\u00f3venes expulsados del instituto Padre Aranburu durante una semana y dos estudiantes universitarios que fueron detenidos. Ahora se encuentran en libertad a la espera de juicio en los que se les acusa de des\u00f3rdenes p\u00fablicos, resistencia grave a la autoridad y desacato.<\/p>\n<p>Aquellxs que est\u00e1is leyendo esto pensareis: \u00bfsi es tan simple como hacer las cosas por la v\u00ed\u00ada legal, por qu\u00e9 no solicitais espacios u os registrais como asociaci\u00f3n? Eso es precisamente lo que nos irrita, tener que acatar la autoridad, la norma que han decidido otros y adaptarnos a sus reglas del juego. Llevamos toda la vida delegando nuestras responsabilidades en otrxs y asi nos est\u00e1n llendo las cosas, politicxs incompetentes, delegadxs, encargadxs, rectorxs, doctorxs y profesorxs que gestionan nuestras vidas y nos tratan como mercanc\u00ed\u00adas y mano de obra d\u00f3cil a explotar. Jerarqu\u00ed\u00adas y burocracias por todos los lados pero verdad en ninguna parte.<\/p>\n<p>Hemos decidido caminar solos, en ausencia de poder porque es este mismo poder el que nos somete, el que corrompe y compra conciencias, es este el que hace que surjan jerarqu\u00ed\u00adas y dominaciones. Solo en su ausencia podremos caminar con la verdad por delante. Ya estamos cansadxs de que nuestras vidas sean domesticadas por otrxs porque no queremos ser animadores de la universidad y que esta nos utilice como muestra de lo progresista que puede llegar a ser.<\/p>\n<p>Todxs estamos pagando la matricula, por tanto la universidad la construimos entre todxs, pero en la pr\u00e1ctica solo la pagamos y sustentamos acatando las reglas que han impuesto otrxs. Pero, \u00bfqu\u00e9 pasa si queremos tomar parte en ella como elemento activo? Queremos decidir de manera horizontal el modelo de educaci\u00f3n, que entiende que esta no pasa por lo impuesto, sino por lo cr\u00ed\u00adtico y horizontal. \u00bfEs que acaso esto no es educaci\u00f3n? Quiz\u00e1s aquello a lo que llaman educaci\u00f3n solo es una pantomima impositiva que te ense\u00f1a a ser la d\u00f3cil mano de obra barata que acata la autoridad, asumiendo que tu futuro ser\u00e1 la integraci\u00f3n en un mundo capitalista, ego\u00ed\u00adsta y sin sentimientos.<\/p>\n<p><strong>Autoorganizate con tu gente, participa en las asambleas, impl\u00ed\u00adcate en los conflictos. Si no lo haces t\u00fa nadie lo va a hacer por ti, ya que estas aguantando esta escoria, se critico con ella. Participa en la gesti\u00f3n de tu vida.<\/strong><\/p>\n<p style=\"margin-bottom: 0.35cm; line-height: 150%\" align=\"JUSTIFY\"><span style=\"font-family: Arial Narrow,sans-serif;\"><span style=\"font-size: x-small;\"><span lang=\"ar-SA\"><br \/>\n<\/span><\/span><\/span><\/p>\n<p style=\"margin-bottom: 0.35cm; line-height: 150%\" align=\"CENTER\"><span style=\"font-family: Arial Narrow,sans-serif;\"><span style=\"font-size: x-small;\"><span lang=\"ar-SA\"> <\/span><\/span><\/span><span style=\"font-family: Arial Narrow,sans-serif;\"><span style=\"font-size: x-small;\"><\/span><\/span><\/p>\n","protected":false},"excerpt":{"rendered":"<p>Desde el cambio de cargos en la Facultad de Humanidades, espacio normalmente en el que nuestros actos y acciones se desenvolv\u00ed\u00adan, las cosas han cambiado bastante. Hasta entonces la asamblea goz\u00f3 de una libertad, m\u00e1s o menos, plena para la realizaci\u00f3n de actividades pero tras el desenlace de la lucha contra la implantaci\u00f3n del espacio&#8230;  <a href=\"https:\/\/diariodevurgos.com\/dvwps\/comunicado-de-la-asamblea-autonoma-de-estudiantes-acerca-de-los-ultimos-incidentes-ocurridos-en-la-universidad-de-burgos.php\" class=\"more-link\" title=\"Read Comunicado de la Asamblea Aut\u00f3noma de Estudiantes acerca de los \u00faltimos incidentes ocurridos en la Universidad de Burgos\">Read more &raquo;<\/a><\/p>\n","protected":false},"author":8,"featured_media":0,"comment_status":"open","ping_status":"closed","sticky":false,"template":"","format":"standard","meta":[],"categories":[48,2,28,58,7],"tags":[],"_links":{"self":[{"href":"https:\/\/diariodevurgos.com\/dvwps\/wp-json\/wp\/v2\/posts\/9514"}],"collection":[{"href":"https:\/\/diariodevurgos.com\/dvwps\/wp-json\/wp\/v2\/posts"}],"about":[{"href":"https:\/\/diariodevurgos.com\/dvwps\/wp-json\/wp\/v2\/types\/post"}],"author":[{"embeddable":true,"href":"https:\/\/diariodevurgos.com\/dvwps\/wp-json\/wp\/v2\/users\/8"}],"replies":[{"embeddable":true,"href":"https:\/\/diariodevurgos.com\/dvwps\/wp-json\/wp\/v2\/comments?post=9514"}],"version-history":[{"count":5,"href":"https:\/\/diariodevurgos.com\/dvwps\/wp-json\/wp\/v2\/posts\/9514\/revisions"}],"predecessor-version":[{"id":9517,"href":"https:\/\/diariodevurgos.com\/dvwps\/wp-json\/wp\/v2\/posts\/9514\/revisions\/9517"}],"wp:attachment":[{"href":"https:\/\/diariodevurgos.com\/dvwps\/wp-json\/wp\/v2\/media?parent=9514"}],"wp:term":[{"taxonomy":"category","embeddable":true,"href":"https:\/\/diariodevurgos.com\/dvwps\/wp-json\/wp\/v2\/categories?post=9514"},{"taxonomy":"post_tag","embeddable":true,"href":"https:\/\/diariodevurgos.com\/dvwps\/wp-json\/wp\/v2\/tags?post=9514"}],"curies":[{"name":"wp","href":"https:\/\/api.w.org\/{rel}","templated":true}]}}