{"id":9567,"date":"2012-12-16T18:08:11","date_gmt":"2012-12-16T17:08:11","guid":{"rendered":"http:\/\/diariodevurgos.com\/dvwps\/?p=9567"},"modified":"2012-12-16T23:47:39","modified_gmt":"2012-12-16T22:47:39","slug":"aunando-esfuerzos-en-la-lucha-contra-la-fractura-hidraulica","status":"publish","type":"post","link":"https:\/\/diariodevurgos.com\/dvwps\/aunando-esfuerzos-en-la-lucha-contra-la-fractura-hidraulica.php","title":{"rendered":"Aunando esfuerzos en la lucha contra la Fractura Hidr\u00e1ulica"},"content":{"rendered":"<p class=\"lead\">El s\u00e1bado 15 de diciembre ha tenido lugar en Burgos un encuentro de car\u00e1cter estatalen el que se han dado cita las diversas asambleas, plataformas y colectivos que se est\u00e1n oponiendo a la Fractura Hidr\u00e1ulica en aquellos territorio amenazados con la imposici\u00f3n de esta forma de extracci\u00f3n de gas no convencional.Un encuentro en el que se ha tratado de poner en com\u00fan las diferentes realidades que se suceden en los \u00e1mbitos geogr\u00e1ficos amenazados por el <em>fracking <\/em>para hacer frente de forma conjunta a este problema social y ambiental.<\/p>\n<p style=\"text-align: center;\"><img loading=\"lazy\" class=\"aligncenter size-full wp-image-9568\" title=\"IMGP1067\" src=\"http:\/\/diariodevurgos.com\/dvwps\/wp-content\/uploads\/2012\/12\/IMGP1067.JPG\" alt=\"IMGP1067\" width=\"321\" height=\"241\" srcset=\"https:\/\/diariodevurgos.com\/dvwps\/wp-content\/uploads\/2012\/12\/IMGP1067.JPG 1824w, https:\/\/diariodevurgos.com\/dvwps\/wp-content\/uploads\/2012\/12\/IMGP1067-300x225.jpg 300w, https:\/\/diariodevurgos.com\/dvwps\/wp-content\/uploads\/2012\/12\/IMGP1067-1024x768.jpg 1024w\" sizes=\"(max-width: 321px) 100vw, 321px\" \/><\/p>\n<p><!--more--><\/p>\n<p>El Centro de Creaci\u00f3n Contempor\u00e1nea Espacio Tangente fue el lugar donde ayer s\u00e1bado 15 de diciembre se dieron cita miembros de los diferentes movimientos contra la fractura hidr\u00e1ulica se est\u00e1n desarrollando a lo largo y ancho de la geograf\u00ed\u00ada ib\u00e9rica.\u00a0 El<em> fracking<\/em> o Fractura Hidr\u00e1ulica es una forma de extracci\u00f3n de gas no convencional que supone un importante riesgo para la salud de las personas y del medioambiente en aquellos lugares donde pretende implantarse. Una\u00a0 t\u00e9cnica que est\u00e1 despertando una viva oposici\u00f3n en aquellos territorios donde han sido solicitados permisos de exploraci\u00f3n y explotaci\u00f3n por parte de las empresas que constituyen el denominado <em>lobbie<\/em> petroqu\u00ed\u00admico.<\/p>\n<p>Adem\u00e1s de las diferentes <strong>asambleas que existen en la provincia de Burgos<\/strong>, uno de los territorios donde la amenaza de la Fractura Hidr\u00e1ulica es mayor, en el encuentro estuvieron presentes miembros de colectivos y plataformas provenientes de <strong>Palencia, Cantabria, La Rioja, \u00ed\u0081lava, Navarra, Cantabria, Valladolid, Vizcaya y Castell\u00f3n<\/strong>.<\/p>\n<p>Desde <a title=\"Radio Onda Expansiva \" href=\"http:\/\/ondaexpansiva.net\/?p=1449\">Radio Onda Expansiva han realizado una breve cr\u00f3nica <\/a>en la que ofrecen varias entrevista con miembros de los colectivos y plataformas que se desplazaron hasta Burgos para participar en este encuentro estatal.<\/p>\n<p style=\"text-align: center;\"><img loading=\"lazy\" class=\"aligncenter size-full wp-image-9569\" title=\"IMGP1071\" src=\"http:\/\/diariodevurgos.com\/dvwps\/wp-content\/uploads\/2012\/12\/IMGP1071.JPG\" alt=\"IMGP1071\" width=\"321\" height=\"241\" srcset=\"https:\/\/diariodevurgos.com\/dvwps\/wp-content\/uploads\/2012\/12\/IMGP1071.JPG 1824w, https:\/\/diariodevurgos.com\/dvwps\/wp-content\/uploads\/2012\/12\/IMGP1071-300x225.jpg 300w, https:\/\/diariodevurgos.com\/dvwps\/wp-content\/uploads\/2012\/12\/IMGP1071-1024x768.jpg 1024w\" sizes=\"(max-width: 321px) 100vw, 321px\" \/><\/p>\n<p>El encuentro trat\u00f3 de poner en com\u00fan experiencias y aunar esfuerzos para seguir avanzando en la oposici\u00f3n contra un\u00a0 un tipo de actividad que ponen en riesgo los recursos naturales y que mantiene un modelo que nos conduce al abismo, seg\u00fan han difundido los participantes en este encuentro estatal contra la fractura hidr\u00e1ulica a trav\u00e9s de un comunicado que reproducimos a continuaci\u00f3n.<br \/>\n<strong><br \/>\nENCUENTRO ESTATAL ENTRE MOVIMIENTOS CONTRA LA FRACTURA HIDR\u00ed\u0081ULICA<\/strong><\/p>\n<p>Hoy 15 de diciembre se han reunido en Burgos personas pertenecientes a asambleas, plataformas y colectivos contra la fractura hidr\u00e1ulica del Estado.<\/p>\n<p>El encuentro ha servido para poner en com\u00fan realidades de diferentes territorios sobre este problema social y ambiental que amenaza nuestro futuro.<\/p>\n<p>Ha servido para trabajar conjuntamente nuevas propuestas y proyectos que ayuden a poner fin a los proyectos de fractura hidr\u00e1ulica que han ido surgiendo en los \u00faltimos a\u00f1os. La necesidad de aunar esfuerzos y construir un frente com\u00fan contra los intereses del lobbie petroqu\u00ed\u00admico marca el camino que se ha decidido seguir.<\/p>\n<p>Apostar por la fractura hidr\u00e1ulica como t\u00e9cnica que trata de alargar la agon\u00ed\u00ada de un modelo energ\u00e9tico caduco es un error que no debemos cometer.<\/p>\n<p>Durante los meses que llevamos actuando contra el fracking, hemos tenido acceso a nuevos estudios cient\u00ed\u00adficos y a nuevos datos acerca de las\u00a0operaciones que quieren llevar a cabo.<\/p>\n<p>Actualmente, el conocimiento sobre la fractura hidr\u00e1ulica y sus consecuencias es mucho mayor. Cada d\u00ed\u00ada nos llegan numerosos casos que ponen en entredicho la viabilidad de esta t\u00e9cnica.<\/p>\n<p>Tenemos claro que no debemos apostar por el fracking si queremos preservar los recursos fundamentales para la vida: el aire, la tierra y el agua.<\/p>\n<p>Explotar gas a trav\u00e9s de \u00e9sta t\u00e9cnica supone una presi\u00f3n insostenible para \u00e9stos recursos y mantiene un modelo que nos conduce al abismo.<\/p>\n<p>Lo tenemos claro y as\u00ed\u00ad lo expresamos:<br \/>\nNo queremos fracking, ni aqu\u00ed\u00ad ni en ning\u00fan sitio.<br \/>\nNi campos de explotaci\u00f3n, ni procesos de exploraci\u00f3n.<br \/>\n<strong><br \/>\n\u00a1FRACTURA HIDR\u00ed\u0081ULICA NO! \u00a1NI AQU\u00ed\u008d NI EN NING\u00ed\u0161N SITIO!<br \/>\n<\/strong><a title=\"Fractura Hidra\u00falica en Burgos NO\" href=\"http:\/\/www.fracturahidraulicaenburgosno.tk\/\"><br \/>\nhttp:\/\/www.fracturahidraulicaenburgosno.tk<\/a><\/p>\n","protected":false},"excerpt":{"rendered":"<p>El s\u00e1bado 15 de diciembre ha tenido lugar en Burgos un encuentro de car\u00e1cter estatalen el que se han dado cita las diversas asambleas, plataformas y colectivos que se est\u00e1n oponiendo a la Fractura Hidr\u00e1ulica en aquellos territorio amenazados con la imposici\u00f3n de esta forma de extracci\u00f3n de gas no convencional.Un encuentro en el que&#8230;  <a href=\"https:\/\/diariodevurgos.com\/dvwps\/aunando-esfuerzos-en-la-lucha-contra-la-fractura-hidraulica.php\" class=\"more-link\" title=\"Read Aunando esfuerzos en la lucha contra la Fractura Hidr\u00e1ulica\">Read more &raquo;<\/a><\/p>\n","protected":false},"author":2,"featured_media":0,"comment_status":"open","ping_status":"closed","sticky":false,"template":"","format":"standard","meta":[],"categories":[2,54,23],"tags":[],"_links":{"self":[{"href":"https:\/\/diariodevurgos.com\/dvwps\/wp-json\/wp\/v2\/posts\/9567"}],"collection":[{"href":"https:\/\/diariodevurgos.com\/dvwps\/wp-json\/wp\/v2\/posts"}],"about":[{"href":"https:\/\/diariodevurgos.com\/dvwps\/wp-json\/wp\/v2\/types\/post"}],"author":[{"embeddable":true,"href":"https:\/\/diariodevurgos.com\/dvwps\/wp-json\/wp\/v2\/users\/2"}],"replies":[{"embeddable":true,"href":"https:\/\/diariodevurgos.com\/dvwps\/wp-json\/wp\/v2\/comments?post=9567"}],"version-history":[{"count":7,"href":"https:\/\/diariodevurgos.com\/dvwps\/wp-json\/wp\/v2\/posts\/9567\/revisions"}],"predecessor-version":[{"id":9573,"href":"https:\/\/diariodevurgos.com\/dvwps\/wp-json\/wp\/v2\/posts\/9567\/revisions\/9573"}],"wp:attachment":[{"href":"https:\/\/diariodevurgos.com\/dvwps\/wp-json\/wp\/v2\/media?parent=9567"}],"wp:term":[{"taxonomy":"category","embeddable":true,"href":"https:\/\/diariodevurgos.com\/dvwps\/wp-json\/wp\/v2\/categories?post=9567"},{"taxonomy":"post_tag","embeddable":true,"href":"https:\/\/diariodevurgos.com\/dvwps\/wp-json\/wp\/v2\/tags?post=9567"}],"curies":[{"name":"wp","href":"https:\/\/api.w.org\/{rel}","templated":true}]}}