{"id":9596,"date":"2012-12-22T20:11:41","date_gmt":"2012-12-22T19:11:41","guid":{"rendered":"http:\/\/diariodevurgos.com\/dvwps\/?p=9596"},"modified":"2012-12-22T20:11:41","modified_gmt":"2012-12-22T19:11:41","slug":"alfon-libertad-concentracion-solidaria-en-burgos","status":"publish","type":"post","link":"https:\/\/diariodevurgos.com\/dvwps\/alfon-libertad-concentracion-solidaria-en-burgos.php","title":{"rendered":"Alfon Libertad: concentraci\u00f3n solidaria en Burgos"},"content":{"rendered":"<p class=\"lead\">El <a title=\"Grupo de apoyo a Alfon\" href=\"http:\/\/alfonlibertad.wordpress.com\/\">grupo de apoyo de Alfonso Fern\u00e1ndez<\/a>, el \u00fanico de los detenidos de la pasada Huelga General del 14 de noviembre que contin\u00faa en prisi\u00f3n, convoca a una <a title=\"Jornada de Lucha Internacional\" href=\"http:\/\/alfonlibertad.wordpress.com\/2012\/12\/12\/jornada-de-lucha-internacional\/\">jornada de lucha internacional para el pr\u00f3ximo viernes 28 de diciembre<\/a> haciendo un llamamiento para la realizaci\u00f3n de <strong>concentraciones solidarias en todas las Subdelegaciones del Gobierno y Embajadas del Estado Espa\u00f1ol<\/strong>. Una iniciativa cuyo objetivo es denunciar el montaje policial al que se est\u00e1 siendo sometido este joven vallecano.<\/p>\n<p style=\"text-align: center;\"><img loading=\"lazy\" class=\"aligncenter size-full wp-image-9597\" title=\"cartel\" src=\"http:\/\/diariodevurgos.com\/dvwps\/wp-content\/uploads\/2012\/12\/cartel.gif\" alt=\"cartel\" width=\"325\" height=\"460\" srcset=\"https:\/\/diariodevurgos.com\/dvwps\/wp-content\/uploads\/2012\/12\/cartel.gif 1253w, https:\/\/diariodevurgos.com\/dvwps\/wp-content\/uploads\/2012\/12\/cartel-212x300.gif 212w, https:\/\/diariodevurgos.com\/dvwps\/wp-content\/uploads\/2012\/12\/cartel-724x1023.gif 724w\" sizes=\"(max-width: 325px) 100vw, 325px\" \/><\/p>\n<p>La <a title=\"Asamblea de Gamonal 15-M\" href=\"http:\/\/gamonal.tomalosbarrios.net\/\">Asamblea de Gamonal 15-M<\/a><strong> <\/strong>apoya la convocatoria en solidaridad con Alfon con una <strong>concentraci\u00f3n en la Subdelegaci\u00f3n del Gobierno en Burgos el viernes 28 de diciembre a partir de las 18.00<\/strong>, animando a solidarizarse con Alfonso y todos los represaliados por ejercer el derecho a protestar en contra de las asfixiantes medidas tomadas por los poderes pol\u00ed\u00adticos y econ\u00f3micos vigentes.<\/p>\n","protected":false},"excerpt":{"rendered":"<p>El grupo de apoyo de Alfonso Fern\u00e1ndez, el \u00fanico de los detenidos de la pasada Huelga General del 14 de noviembre que contin\u00faa en prisi\u00f3n, convoca a una jornada de lucha internacional para el pr\u00f3ximo viernes 28 de diciembre haciendo un llamamiento para la realizaci\u00f3n de concentraciones solidarias en todas las Subdelegaciones del Gobierno y&#8230;  <a href=\"https:\/\/diariodevurgos.com\/dvwps\/alfon-libertad-concentracion-solidaria-en-burgos.php\" class=\"more-link\" title=\"Read Alfon Libertad: concentraci\u00f3n solidaria en Burgos\">Read more &raquo;<\/a><\/p>\n","protected":false},"author":2,"featured_media":0,"comment_status":"open","ping_status":"closed","sticky":false,"template":"","format":"standard","meta":[],"categories":[55,2,22,57,27,60,24,17],"tags":[],"_links":{"self":[{"href":"https:\/\/diariodevurgos.com\/dvwps\/wp-json\/wp\/v2\/posts\/9596"}],"collection":[{"href":"https:\/\/diariodevurgos.com\/dvwps\/wp-json\/wp\/v2\/posts"}],"about":[{"href":"https:\/\/diariodevurgos.com\/dvwps\/wp-json\/wp\/v2\/types\/post"}],"author":[{"embeddable":true,"href":"https:\/\/diariodevurgos.com\/dvwps\/wp-json\/wp\/v2\/users\/2"}],"replies":[{"embeddable":true,"href":"https:\/\/diariodevurgos.com\/dvwps\/wp-json\/wp\/v2\/comments?post=9596"}],"version-history":[{"count":2,"href":"https:\/\/diariodevurgos.com\/dvwps\/wp-json\/wp\/v2\/posts\/9596\/revisions"}],"predecessor-version":[{"id":9599,"href":"https:\/\/diariodevurgos.com\/dvwps\/wp-json\/wp\/v2\/posts\/9596\/revisions\/9599"}],"wp:attachment":[{"href":"https:\/\/diariodevurgos.com\/dvwps\/wp-json\/wp\/v2\/media?parent=9596"}],"wp:term":[{"taxonomy":"category","embeddable":true,"href":"https:\/\/diariodevurgos.com\/dvwps\/wp-json\/wp\/v2\/categories?post=9596"},{"taxonomy":"post_tag","embeddable":true,"href":"https:\/\/diariodevurgos.com\/dvwps\/wp-json\/wp\/v2\/tags?post=9596"}],"curies":[{"name":"wp","href":"https:\/\/api.w.org\/{rel}","templated":true}]}}