{"id":9628,"date":"2012-12-27T19:04:01","date_gmt":"2012-12-27T18:04:01","guid":{"rendered":"http:\/\/diariodevurgos.com\/dvwps\/?p=9628"},"modified":"2012-12-28T19:54:11","modified_gmt":"2012-12-28T18:54:11","slug":"sanidad-%c2%bfpara-quien","status":"publish","type":"post","link":"https:\/\/diariodevurgos.com\/dvwps\/sanidad-%c2%bfpara-quien.php","title":{"rendered":"Sanidad, \u00bfpara qui\u00e9n?"},"content":{"rendered":"<p style=\"margin-bottom: 0cm\" class=\"lead\">Cr\u00f3nica de las protestas de hoy\u00a0 en relaci\u00f3n con la sanidad burgalesa<\/p>\n<p style=\"margin-bottom: 0cm\"><a href=\"http:\/\/diariodevurgos.com\/dvwps\/wp-content\/uploads\/2012\/12\/SAM_0449.JPG\"><img loading=\"lazy\" class=\"alignleft size-medium wp-image-9629\" title=\"SAM_0449\" src=\"http:\/\/diariodevurgos.com\/dvwps\/wp-content\/uploads\/2012\/12\/SAM_0449-300x225.jpg\" alt=\"SAM_0449\" width=\"232\" height=\"174\" srcset=\"https:\/\/diariodevurgos.com\/dvwps\/wp-content\/uploads\/2012\/12\/SAM_0449-300x225.jpg 300w, https:\/\/diariodevurgos.com\/dvwps\/wp-content\/uploads\/2012\/12\/SAM_0449-1024x768.jpg 1024w\" sizes=\"(max-width: 232px) 100vw, 232px\" \/><\/a>Hoy se han concentrado de nuevo ante las puertas de la Delegaci\u00f3n de Trabajo en Burgos las trabajadoras de la limpieza,cafeter\u00ed\u00ada y cocina del Hospital Divino Valles, que clausuro sus puertas a principios de mes, trasladando los servicios al Hospital Universitario de Burgos , pero no sus trabajadores.<\/p>\n<p style=\"margin-bottom: 0cm\">En un nuevo acto de conciliaci\u00f3n entre las partes ,no se ha llegado a ning\u00fan acuerdo,ante una empresa que desaparece  , y mientras Sacyl ,y la empresa privada que gestiona el nuevo hospital(Eficanza), se lavan las manos en la subrogaci\u00f3n de las trabajadoras,70 familias se quedan en un futuro incierto.<\/p>\n<p style=\"margin-bottom: 0cm\">\n<p style=\"margin-bottom: 0cm\">Aunque esta lucha, que comenz\u00f3 con las trabajadoras de la limpieza, dispone de \u00a0 sentencias que obligan a la nueva empresa concesionaria a subrogarlas o rescindir la relaci\u00f3n laboral con la correspondiente indemnizaci\u00f3n, la nueva contrata ha recurrido dichas sentencias alargando m\u00e1s el conflicto.<\/p>\n<p style=\"margin-bottom: 0cm\"><a href=\"http:\/\/diariodevurgos.com\/dvwps\/wp-content\/uploads\/2012\/12\/SAM_0451.JPG\"><img loading=\"lazy\" class=\"size-medium wp-image-9631 alignright\" title=\"SAM_0451\" src=\"http:\/\/diariodevurgos.com\/dvwps\/wp-content\/uploads\/2012\/12\/SAM_0451-300x225.jpg\" alt=\"SAM_0451\" width=\"243\" height=\"182\" srcset=\"https:\/\/diariodevurgos.com\/dvwps\/wp-content\/uploads\/2012\/12\/SAM_0451-300x225.jpg 300w, https:\/\/diariodevurgos.com\/dvwps\/wp-content\/uploads\/2012\/12\/SAM_0451-1024x768.jpg 1024w\" sizes=\"(max-width: 243px) 100vw, 243px\" \/><\/a><\/p>\n<p style=\"margin-bottom: 0cm\"><a name=\"ctl00_cph2Columnas_lblTextoNoticia\"><\/a> Paralelamente, en el otro lado de la carretera , delante de la delegaci\u00f3n de la Junta en Burgos se han concentrado nuevamente vecinos y vecinas de  pueblos burgaleses afectados por la decisi\u00f3n que comunic\u00f3 la Gerencia de Salud de la Junta de Castilla y Le\u00f3n,  suprimiendo las guardias m\u00e9dicas y\u00a0 un puesto de trabajo.<\/p>\n<p style=\"margin-bottom: 0cm\">La medida que afecta directamente a la cobertura sanitaria de las zonas rurales burgalesas se suma a la supresi\u00f3n de otros servicios en el transporte y la comunicaci\u00f3n, poniendo de manifiesto una vez m\u00e1s la anteposici\u00f3n de la econom\u00ed\u00ada sobre la sociedad.<\/p>\n<p style=\"margin-bottom: 0cm\">\n","protected":false},"excerpt":{"rendered":"<p>Cr\u00f3nica de las protestas de hoy\u00a0 en relaci\u00f3n con la sanidad burgalesa Hoy se han concentrado de nuevo ante las puertas de la Delegaci\u00f3n de Trabajo en Burgos las trabajadoras de la limpieza,cafeter\u00ed\u00ada y cocina del Hospital Divino Valles, que clausuro sus puertas a principios de mes, trasladando los servicios al Hospital Universitario de Burgos&#8230;  <a href=\"https:\/\/diariodevurgos.com\/dvwps\/sanidad-%c2%bfpara-quien.php\" class=\"more-link\" title=\"Read Sanidad, \u00bfpara qui\u00e9n?\">Read more &raquo;<\/a><\/p>\n","protected":false},"author":8,"featured_media":0,"comment_status":"open","ping_status":"closed","sticky":false,"template":"","format":"standard","meta":[],"categories":[2,26,49,63],"tags":[],"_links":{"self":[{"href":"https:\/\/diariodevurgos.com\/dvwps\/wp-json\/wp\/v2\/posts\/9628"}],"collection":[{"href":"https:\/\/diariodevurgos.com\/dvwps\/wp-json\/wp\/v2\/posts"}],"about":[{"href":"https:\/\/diariodevurgos.com\/dvwps\/wp-json\/wp\/v2\/types\/post"}],"author":[{"embeddable":true,"href":"https:\/\/diariodevurgos.com\/dvwps\/wp-json\/wp\/v2\/users\/8"}],"replies":[{"embeddable":true,"href":"https:\/\/diariodevurgos.com\/dvwps\/wp-json\/wp\/v2\/comments?post=9628"}],"version-history":[{"count":14,"href":"https:\/\/diariodevurgos.com\/dvwps\/wp-json\/wp\/v2\/posts\/9628\/revisions"}],"predecessor-version":[{"id":9639,"href":"https:\/\/diariodevurgos.com\/dvwps\/wp-json\/wp\/v2\/posts\/9628\/revisions\/9639"}],"wp:attachment":[{"href":"https:\/\/diariodevurgos.com\/dvwps\/wp-json\/wp\/v2\/media?parent=9628"}],"wp:term":[{"taxonomy":"category","embeddable":true,"href":"https:\/\/diariodevurgos.com\/dvwps\/wp-json\/wp\/v2\/categories?post=9628"},{"taxonomy":"post_tag","embeddable":true,"href":"https:\/\/diariodevurgos.com\/dvwps\/wp-json\/wp\/v2\/tags?post=9628"}],"curies":[{"name":"wp","href":"https:\/\/api.w.org\/{rel}","templated":true}]}}