{"id":965,"date":"2007-11-24T15:20:56","date_gmt":"2007-11-24T14:20:56","guid":{"rendered":"http:\/\/diariodevurgos.com\/dvwps\/el-juicio-del-4f-ya-tiene-fecha.php"},"modified":"2007-11-24T16:34:34","modified_gmt":"2007-11-24T15:34:34","slug":"el-juicio-del-4f-ya-tiene-fecha","status":"publish","type":"post","link":"https:\/\/diariodevurgos.com\/dvwps\/el-juicio-del-4f-ya-tiene-fecha.php","title":{"rendered":"El juicio del 4F, ya tiene fecha."},"content":{"rendered":"<p class=\"lead\"><img loading=\"lazy\" width=\"96\" height=\"83\" align=\"right\" alt=\"punio\" title=\"punio\" id=\"image637\" src=\"http:\/\/diariodevurgos.com\/dvwps\/wp-content\/uploads\/2007\/07\/puniominiatura.jpg\" \/>D\u00ed\u00ada 22 de diciembre Manifestaci\u00f3n en Barcelona.<br \/>\nA las 17h. en el Arco del Triunfo<br \/>\nD\u00ed\u00adas 21 y 22 de diciembre.<br \/>\nJornada internacional de acci\u00f3n descentralizada<\/p>\n<p><!--more-->UN 4 DE FEBRERO DE DOS A\u00d1OS DE DURACI\u00ed\u201cN.<\/p>\n<p>Entre el 7 y el 11 de enero de 2008 ser\u00e1n juzgados \u00ed\u0081lex, Juan, y Rodrigo, falsamente acusados de haber lesionado a un guardia urbano dej\u00e1ndolo en estado casi vegetativo, y que ya hace casi 2 a\u00f1os que est\u00e1n encarcelados esperando este juicio. Desde el maldito 4 de febrero de 2006 han tenido que aguantar las torturas, la c\u00e1rcel, el cambio de las versiones oficiales que ahora les incriminan, la limpieza de las pruebas del lugar de los hechos, las amenazas de la jueza a los testimonios presenciales, el hecho de que se ignoren los peritajes cient\u00ed\u00adficos que les exculpan y un mont\u00f3n de irregularidades m\u00e1s. Por si fuera poco, ahora se enfrentan a una petici\u00f3n fiscal de 520.000 euros, 11 a\u00f1os de c\u00e1rcel para cada uno<img loading=\"lazy\" width=\"144\" height=\"139\" align=\"right\" alt=\"negra.jpg\" style=\"width: 144px; height: 139px\" title=\"negra.jpg\" id=\"image684\" src=\"http:\/\/diariodevurgos.com\/dvwps\/wp-content\/uploads\/2007\/08\/negra.jpg\" \/> de ellos y entre 4 y 8 a\u00f1os para cada uno de los otros 6 acusados, en un proceso judicial tan corrompido que incluso Amnist\u00ed\u00ada Internacional ha mostrado su preocupaci\u00f3n sobre la falta de garant\u00ed\u00adas de imparcialidad que ofrece este juicio.<\/p>\n<p>Precisamente, el pasado 15 de noviembre, Amnist\u00ed\u00ada Internacional present\u00f3 su informe de 2007 sobre los casos de torturas en el Estado Espa\u00f1ol, en el que destacan, entre otros casos escandalosos, el caso del 4F.<\/p>\n<p>En su presentaci\u00f3n en Barcelona, los representantes de Amnist\u00ed\u00ada Internacional afirmaron que:<\/p>\n<p>&#8220;Las autoridades espa\u00f1olas deben dejar de negar la existencia de tortura y otros malos tratos a manos de agentes de polic\u00ed\u00ada. Mientras el gobierno no tome medidas efectivas para investigar las denuncias y llevar ante la justicia a los responsables de tortura y otros malos tratos, los agentes de polic\u00ed\u00ada estar\u00e1n por encima de ley y seguir\u00e1 extendi\u00e9ndose el clima de impunidad. [&#8230;] Adem\u00e1s, denunciamos que muchas veces las personas que denuncian a agentes de Polic\u00ed\u00ada son contradenunciados por &#8220;atentado a la autoridad o por calumnias&#8221; y pueden ser finalmente condenados, porque la Polic\u00ed\u00ada tiene &#8220;amplios poderes discrecionales&#8221; que consiguen que el sistema judicial termine criminalizando a la v\u00ed\u00adctima.<\/p>\n<p>En su informe, Amnist\u00ed\u00ada Internacional remarca que:<\/p>\n<p>&#8220;Esta pr\u00e1ctica fue reconocida por miembros de diversas fuerzas policiales entrevistados por Amnist\u00ed\u00ada Internacional que admitieron la existencia del h\u00e1bito autom\u00e1tico de presentar tales cargos como t\u00e1ctica de defensa propia para protegerse contra las acusaciones de agresi\u00f3n o detenci\u00f3n ilegal.&#8221;\u009d<\/p>\n<p>Y a\u00f1ade:<\/p>\n<p>&#8220;En la mayor\u00ed\u00ada de casos no se impusieron sanciones disciplinarias a las personas acusadas de infligir los malos tratos, y en muchos se cerraron en una etapa temprana las investigaciones criminales preliminares, por lo que los agentes no fueron sometidos a juicio. En uno de los pocos casos en que el Tribunal Supremo declar\u00f3 culpable de tortura a un agente, \u00e9ste fue ascendido posteriormente a jefe de la polic\u00ed\u00ada de su zona.&#8221;\u009d<\/p>\n<p>Todos estos ejemplos ilustran perfectamente el caso del 4F ya que, aunque en un principio, la jueza Carmen Mart\u00ed\u00adnez Garc\u00ed\u00ada decidi\u00f3 separar los dos procesos legales: por un lado el caso de torturas y por otro la acusaci\u00f3n contra \u00ed\u0081lex, Rodrigo, Juan y 6 detenidos m\u00e1s; a principios de julio &#8220;Do\u00f1a Carmen&#8221;\u009d decidi\u00f3 archivar el caso de torturas argumentando que &#8220;el cierto hecho de su condici\u00f3n de imputados (refiri\u00e9ndose a Rodrigo, \u00ed\u0081lex y Juan) por delito grave hacen decaer por completo su credibilidad&#8221;\u009d, aunque admite que en el momento de la primera declaraci\u00f3n se observaba a simple vista que los chicos presentaban graves heridas por toda la cara y el cuerpo.<\/p>\n<p>A este respecto, el apartado del informe de Amnist\u00ed\u00ada sobre el caso del 4F, puntualiza que:<\/p>\n<p>&#8220;Aunque los denunciantes presentaron las denuncias de malos tratos al mismo tiempo que se formularon los cargos en su contra en relaci\u00f3n con las lesiones sufridas por el agente de polic\u00ed\u00ada, en el mismo juzgado de instrucci\u00f3n y bajo el control de la misma juez, la celeridad con que se ha investigado cada caso presenta grandes diferencias. La fase de instrucci\u00f3n del caso de intento de homicidio concluy\u00f3 en junio de 2006, y en septiembre de 2007 el caso estaba en espera de juicio. En cambio, no se cit\u00f3 a nadie a declarar como testigo sobre las denuncias de malos tratos hasta enero de 2007. La juez de instrucci\u00f3n no solicit\u00f3 informaci\u00f3n a las fuerzas policiales implicadas hasta el 12 de marzo de 2007, m\u00e1s de un a\u00f1o despu\u00e9s de los hechos. Representantes de la unidad de asuntos internos de los Mossos d&#8217;Esquadra dijeron a una delegaci\u00f3n de Amnist\u00ed\u00ada Internacional en junio de 2007 que no se hab\u00ed\u00ada abierto ninguna investigaci\u00f3n interna sobre el incidente.<\/p>\n<p>Los abogados de los denunciantes solicitaron a la juez que organizase una rueda de reconocimiento para identificar a los agentes presuntamente responsables de los malos tratos. No fue hasta el 18 de julio de 2007 (casi 18 meses despu\u00e9s del incidente) cuando la juez orden\u00f3 que Rodrigo Lanza examinara una hoja de papel fotocopiada, de tama\u00f1o A4, con 20 fotograf\u00ed\u00adas de agentes de polic\u00ed\u00ada, de peque\u00f1o formato, antiguas y en blanco y negro, y le dijo que identificara a los agentes responsables de los malos tratos que hab\u00ed\u00ada sufrido, incluido un agente que lo hab\u00ed\u00ada golpeado desde atr\u00e1s. Con posterioridad, la juez de instrucci\u00f3n orden\u00f3 el sobreseimiento libre y archivo de las tres denuncias de malos tratos a finales de julio.&#8221;\u009d<\/p>\n<p>A d\u00ed\u00ada de hoy, mientras \u00ed\u0081lex Rodrigo y Juan nos acompa\u00f1an desde las celdas de sus respectivas c\u00e1rceles, el tribunal ha vuelto a negar muchas de las pruebas presentadas por la defensa, como por ejemplo negar la declaraci\u00f3n de Joan Clos para esclarecer de donde sac\u00f3 la primera versi\u00f3n oficial en la que afirmaba que el guardia urbano hab\u00ed\u00ada sido herido por una maceta proveniente de un edificio de propiedad municipal. El tribunal alega que el testimonio de Joan Clos es irrelevante porque &#8220;el alcalde no fue testigo de los hechos&#8221;\u009d. \u00bfComo puede ser que no se acepte el testimonio del ex-alcalde del Ayuntamiento de Barcelona por no ser testigo de los hechos, pero que s\u00ed\u00ad se permita que el Ayuntamiento de Barcelona se presente como acusaci\u00f3n particular contra los detenidos? \u00bfNo tendr\u00e1 nada que ver con el hecho de que el Ayuntamiento de Barcelona era y es propietario del edificio del que sali\u00f3 la maceta que hiri\u00f3 al polic\u00ed\u00ada?<\/p>\n<p>Nada tenemos en com\u00fan con el Ayuntamiento de Barcelona excepto una cosa: si a ellos no les importa qui\u00e9n hiri\u00f3 realmente al polic\u00ed\u00ada, a nosotros tampoco, lo que nos importa es que tenemos a 3 hermanos encarcelados por la cara, y que este caso ha sido usado como excusa para aumentar la represi\u00f3n policial en Catalunya y, por ejemplo, parir leyes como el &#8220;desalojo expr\u00e9ss&#8221;\u009d.<\/p>\n<p>A d\u00ed\u00ada de hoy todav\u00ed\u00ada vivimos en el 4 de febrero de 2006. Y es por eso que este caso no s\u00f3lo indigna a Amnist\u00ed\u00ada Internacional, nos indigna a todos los que sabemos cual es la verdad. Si el gobierno ignora lo que le dice Amnist\u00ed\u00ada Internacional, si los jueces ceden a las presiones del gobierno, y los grandes medios encubren lo que est\u00e1 pasando, s\u00f3lo nos dejan las calles. El d\u00ed\u00ada 22 de diciembre ocuparemos el centro de Barcelona y hasta que llegue el juicio, o el d\u00ed\u00ada en que \u00ed\u0081lex, Rodrigo y Juan est\u00e9n con nosotros, la verdad inundar\u00e1 las calles, en cada pared de cada barrio, y en cada conciencia de cada persona que no se quiera dejar enga\u00f1ar.<\/p>\n<p>Ahora y hasta que vuelvan con nosotros, seguiremos gritando:<\/p>\n<p>\u00a1\u00a1Libertad Rodrigo \u00ed\u0081lex y Juan!!!<\/p>\n","protected":false},"excerpt":{"rendered":"<p>D\u00ed\u00ada 22 de diciembre Manifestaci\u00f3n en Barcelona. A las 17h. en el Arco del Triunfo D\u00ed\u00adas 21 y 22 de diciembre. Jornada internacional de acci\u00f3n descentralizada<\/p>\n","protected":false},"author":7,"featured_media":0,"comment_status":"open","ping_status":"closed","sticky":false,"template":"","format":"standard","meta":[],"categories":[2],"tags":[],"_links":{"self":[{"href":"https:\/\/diariodevurgos.com\/dvwps\/wp-json\/wp\/v2\/posts\/965"}],"collection":[{"href":"https:\/\/diariodevurgos.com\/dvwps\/wp-json\/wp\/v2\/posts"}],"about":[{"href":"https:\/\/diariodevurgos.com\/dvwps\/wp-json\/wp\/v2\/types\/post"}],"author":[{"embeddable":true,"href":"https:\/\/diariodevurgos.com\/dvwps\/wp-json\/wp\/v2\/users\/7"}],"replies":[{"embeddable":true,"href":"https:\/\/diariodevurgos.com\/dvwps\/wp-json\/wp\/v2\/comments?post=965"}],"version-history":[{"count":0,"href":"https:\/\/diariodevurgos.com\/dvwps\/wp-json\/wp\/v2\/posts\/965\/revisions"}],"wp:attachment":[{"href":"https:\/\/diariodevurgos.com\/dvwps\/wp-json\/wp\/v2\/media?parent=965"}],"wp:term":[{"taxonomy":"category","embeddable":true,"href":"https:\/\/diariodevurgos.com\/dvwps\/wp-json\/wp\/v2\/categories?post=965"},{"taxonomy":"post_tag","embeddable":true,"href":"https:\/\/diariodevurgos.com\/dvwps\/wp-json\/wp\/v2\/tags?post=965"}],"curies":[{"name":"wp","href":"https:\/\/api.w.org\/{rel}","templated":true}]}}