{"id":9692,"date":"2013-01-08T23:53:27","date_gmt":"2013-01-08T22:53:27","guid":{"rendered":"http:\/\/diariodevurgos.com\/dvwps\/?p=9692"},"modified":"2013-01-09T14:39:09","modified_gmt":"2013-01-09T13:39:09","slug":"continua-el-encarcelamiento-arbitrario-de-alfonso-fernandez","status":"publish","type":"post","link":"https:\/\/diariodevurgos.com\/dvwps\/continua-el-encarcelamiento-arbitrario-de-alfonso-fernandez.php","title":{"rendered":"Contin\u00faa el encarcelamiento arbitrario de Alfonso Fern\u00e1ndez"},"content":{"rendered":"<p class=\"lead\">La situaci\u00f3n de prisi\u00f3n preventiva de Alfon, encarcelado desde la jornada de Huelga General del 14-N, parece prolongarse de manera arbitraria. Con todo y con esas, las muestras de solidaridad contin\u00faan extendi\u00e9ndose a lo largo de todo el territorio. Recogemos a continuaci\u00f3n una entrevista audiovisual realizada por el <a title=\"La Plataforma\" href=\"http:\/\/theplatform.nuevaradio.org\/index.php\">colectivo Laplataforma<\/a> a la madre de Alfonso donde explica lo que hay detr\u00e1s de la detenci\u00f3n de su hijo y las causas que hacen que permanezca en prisi\u00f3n desde hace casi dos meses.<\/p>\n<p>[youtube]http:\/\/www.youtube.com\/watch?v=gwc9KU1SEzk[\/youtube]<\/p>\n<p><strong>ACTUALIZADO 09\/01\/2013: <\/strong> Despu\u00e9s de pasar casi dos meses en\u00a0aislamiento\u00a0Alfon ser\u00e1 puesto en libertad esta misma tarde seg\u00fan se indican desde<a title=\"Alfon Libertad\" href=\"http:\/\/twitter.com\/search?q=%23AlfonLibertad\"> #AlfonLibertad <\/a><\/p>\n","protected":false},"excerpt":{"rendered":"<p>La situaci\u00f3n de prisi\u00f3n preventiva de Alfon, encarcelado desde la jornada de Huelga General del 14-N, parece prolongarse de manera arbitraria. Con todo y con esas, las muestras de solidaridad contin\u00faan extendi\u00e9ndose a lo largo de todo el territorio. Recogemos a continuaci\u00f3n una entrevista audiovisual realizada por el colectivo Laplataforma a la madre de Alfonso&#8230;  <a href=\"https:\/\/diariodevurgos.com\/dvwps\/continua-el-encarcelamiento-arbitrario-de-alfonso-fernandez.php\" class=\"more-link\" title=\"Read Contin\u00faa el encarcelamiento arbitrario de Alfonso Fern\u00e1ndez\">Read more &raquo;<\/a><\/p>\n","protected":false},"author":2,"featured_media":0,"comment_status":"open","ping_status":"closed","sticky":false,"template":"","format":"standard","meta":[],"categories":[22,33,60,17],"tags":[],"_links":{"self":[{"href":"https:\/\/diariodevurgos.com\/dvwps\/wp-json\/wp\/v2\/posts\/9692"}],"collection":[{"href":"https:\/\/diariodevurgos.com\/dvwps\/wp-json\/wp\/v2\/posts"}],"about":[{"href":"https:\/\/diariodevurgos.com\/dvwps\/wp-json\/wp\/v2\/types\/post"}],"author":[{"embeddable":true,"href":"https:\/\/diariodevurgos.com\/dvwps\/wp-json\/wp\/v2\/users\/2"}],"replies":[{"embeddable":true,"href":"https:\/\/diariodevurgos.com\/dvwps\/wp-json\/wp\/v2\/comments?post=9692"}],"version-history":[{"count":7,"href":"https:\/\/diariodevurgos.com\/dvwps\/wp-json\/wp\/v2\/posts\/9692\/revisions"}],"predecessor-version":[{"id":9698,"href":"https:\/\/diariodevurgos.com\/dvwps\/wp-json\/wp\/v2\/posts\/9692\/revisions\/9698"}],"wp:attachment":[{"href":"https:\/\/diariodevurgos.com\/dvwps\/wp-json\/wp\/v2\/media?parent=9692"}],"wp:term":[{"taxonomy":"category","embeddable":true,"href":"https:\/\/diariodevurgos.com\/dvwps\/wp-json\/wp\/v2\/categories?post=9692"},{"taxonomy":"post_tag","embeddable":true,"href":"https:\/\/diariodevurgos.com\/dvwps\/wp-json\/wp\/v2\/tags?post=9692"}],"curies":[{"name":"wp","href":"https:\/\/api.w.org\/{rel}","templated":true}]}}