{"id":9769,"date":"2013-01-25T07:00:20","date_gmt":"2013-01-25T06:00:20","guid":{"rendered":"http:\/\/diariodevurgos.com\/dvwps\/?p=9769"},"modified":"2013-01-24T14:51:03","modified_gmt":"2013-01-24T13:51:03","slug":"ciclo-de-cine-sobre-exclusion-y-marginacion-social","status":"publish","type":"post","link":"https:\/\/diariodevurgos.com\/dvwps\/ciclo-de-cine-sobre-exclusion-y-marginacion-social.php","title":{"rendered":"Ciclo de cine sobre Exclusi\u00f3n y Marginaci\u00f3n Social"},"content":{"rendered":"<p class=\"lead\">Desde\u00a0 <a href=\"http:\/\/saltandocharcosburgos.blogspot.com.es\/\">Saltando Charcos<\/a> est\u00e1 programado un ciclo de cine<span style=\"font-size: small; font-weight: normal;\"><span><span>, como introducci\u00f3n a la 7\u00aa edici\u00f3n del <a href=\"http:\/\/saltandocharcosburgos.blogspot.com.es\/p\/nins-libres.html\" target=\"_blank\">curso de Formaci\u00f3n Pol\u00ed\u00adtica con Menores<\/a> que se desarrollar\u00e1 en Marzo.Animandonos\u00a0  a participar en el ciclo, a debatir, a compartir,  a remover los  cimientos del pensamiento pedag\u00f3gico \u00fanico, a escuchar a los chicos y  chicas &#8220;malos&#8221;, a respetarlos, a respetarnos entre nosotras cono  educadoras, a crecer y aprender. <\/span><\/span><\/span><\/p>\n<p><span style=\"font-size: small; font-weight: normal;\"><span><span><a href=\"http:\/\/diariodevurgos.com\/dvwps\/wp-content\/uploads\/2013\/01\/cartelciclodecine-12.jpg\"><img loading=\"lazy\" class=\"aligncenter size-medium wp-image-9773\" title=\"cartelciclodecine (1)\" src=\"http:\/\/diariodevurgos.com\/dvwps\/wp-content\/uploads\/2013\/01\/cartelciclodecine-12-300x212.jpg\" alt=\"cartelciclodecine (1)\" width=\"300\" height=\"212\" srcset=\"https:\/\/diariodevurgos.com\/dvwps\/wp-content\/uploads\/2013\/01\/cartelciclodecine-12-300x212.jpg 300w, https:\/\/diariodevurgos.com\/dvwps\/wp-content\/uploads\/2013\/01\/cartelciclodecine-12-1024x725.jpg 1024w\" sizes=\"(max-width: 300px) 100vw, 300px\" \/><\/a><br \/>\n<\/span><\/span><\/span><\/p>\n<p><span style=\"font-size: small; font-weight: normal;\"><span><span><br \/>\n<\/span><\/span><\/span><\/p>\n","protected":false},"excerpt":{"rendered":"<p>Desde\u00a0 Saltando Charcos est\u00e1 programado un ciclo de cine, como introducci\u00f3n a la 7\u00aa edici\u00f3n del curso de Formaci\u00f3n Pol\u00ed\u00adtica con Menores que se desarrollar\u00e1 en Marzo.Animandonos\u00a0 a participar en el ciclo, a debatir, a compartir, a remover los cimientos del pensamiento pedag\u00f3gico \u00fanico, a escuchar a los chicos y chicas &#8220;malos&#8221;, a respetarlos, a&#8230;  <a href=\"https:\/\/diariodevurgos.com\/dvwps\/ciclo-de-cine-sobre-exclusion-y-marginacion-social.php\" class=\"more-link\" title=\"Read Ciclo de cine sobre Exclusi\u00f3n y Marginaci\u00f3n Social\">Read more &raquo;<\/a><\/p>\n","protected":false},"author":8,"featured_media":0,"comment_status":"open","ping_status":"closed","sticky":false,"template":"","format":"standard","meta":[],"categories":[2,62,57],"tags":[],"_links":{"self":[{"href":"https:\/\/diariodevurgos.com\/dvwps\/wp-json\/wp\/v2\/posts\/9769"}],"collection":[{"href":"https:\/\/diariodevurgos.com\/dvwps\/wp-json\/wp\/v2\/posts"}],"about":[{"href":"https:\/\/diariodevurgos.com\/dvwps\/wp-json\/wp\/v2\/types\/post"}],"author":[{"embeddable":true,"href":"https:\/\/diariodevurgos.com\/dvwps\/wp-json\/wp\/v2\/users\/8"}],"replies":[{"embeddable":true,"href":"https:\/\/diariodevurgos.com\/dvwps\/wp-json\/wp\/v2\/comments?post=9769"}],"version-history":[{"count":5,"href":"https:\/\/diariodevurgos.com\/dvwps\/wp-json\/wp\/v2\/posts\/9769\/revisions"}],"predecessor-version":[{"id":9779,"href":"https:\/\/diariodevurgos.com\/dvwps\/wp-json\/wp\/v2\/posts\/9769\/revisions\/9779"}],"wp:attachment":[{"href":"https:\/\/diariodevurgos.com\/dvwps\/wp-json\/wp\/v2\/media?parent=9769"}],"wp:term":[{"taxonomy":"category","embeddable":true,"href":"https:\/\/diariodevurgos.com\/dvwps\/wp-json\/wp\/v2\/categories?post=9769"},{"taxonomy":"post_tag","embeddable":true,"href":"https:\/\/diariodevurgos.com\/dvwps\/wp-json\/wp\/v2\/tags?post=9769"}],"curies":[{"name":"wp","href":"https:\/\/api.w.org\/{rel}","templated":true}]}}