{"id":9806,"date":"2013-02-01T15:10:48","date_gmt":"2013-02-01T14:10:48","guid":{"rendered":"http:\/\/diariodevurgos.com\/dvwps\/?p=9806"},"modified":"2013-02-01T15:10:48","modified_gmt":"2013-02-01T14:10:48","slug":"los-lunes-al-sol-csa-zaragalla","status":"publish","type":"post","link":"https:\/\/diariodevurgos.com\/dvwps\/los-lunes-al-sol-csa-zaragalla.php","title":{"rendered":"Los lunes al sol .CSA Zaragalla"},"content":{"rendered":"<p class=\"lead\"><em><span style=\"font-family: Constantia,serif;\"><span style=\"font-size: small;\">En  este momento de apat\u00ed\u00ada, frustraci\u00f3n, des\u00e1nimo y falta de ilusi\u00f3n,  proponemos un lugar y un instante para encontrarnos. Encontrarnos y  compartir, qui\u00e9n sabe si combatir, todo aquello que nos inquieta y  enfrentamos solxs. Quiz\u00e1s en la mirada de la gente encontremos esa  complicidad que nos haga m\u00e1s fuertes, combativxs y libres.<\/span><\/span><\/em><\/p>\n<p><span style=\"color:#333333\"><span><a href=\"http:\/\/diariodevurgos.com\/dvwps\/wp-content\/uploads\/2013\/02\/duele-el-alma.jpg\"><img loading=\"lazy\" class=\"aligncenter size-medium wp-image-9807\" title=\"duele el alma\" src=\"http:\/\/diariodevurgos.com\/dvwps\/wp-content\/uploads\/2013\/02\/duele-el-alma-300x212.jpg\" alt=\"duele el alma\" width=\"300\" height=\"212\" srcset=\"https:\/\/diariodevurgos.com\/dvwps\/wp-content\/uploads\/2013\/02\/duele-el-alma-300x212.jpg 300w, https:\/\/diariodevurgos.com\/dvwps\/wp-content\/uploads\/2013\/02\/duele-el-alma-1024x723.jpg 1024w\" sizes=\"(max-width: 300px) 100vw, 300px\" \/><\/a><\/span><\/span><\/p>\n<p><span style=\"color:#333333\"><span><span style=\"font-family: Constantia,serif;\"><span style=\"font-size: small;\">A partir de <strong>Febrero<\/strong> el <span>Centro Social Autogestionado Zaragalla<\/span> abrir\u00e1 los lunes desde las siete con una propuesta que hemos llamado\u00a0<strong>&#8220;Los lunes al sol&#8221;\u009d<\/strong>.<br \/>\n<\/span><\/span><\/span><\/span><\/p>\n<p><span style=\"color:#333333\"><span><span style=\"font-family: Constantia,serif;\"><span style=\"font-size: small;\">Esperamos  que sea un momento de encuentro, en el que compartirnos al calor de  nuestra gente y poner en com\u00fan ideas, inquietudes, textos, v\u00ed\u00addeos y lo  que surja. <\/span><\/span><span style=\"font-family: Constantia,serif;\"><span style=\"font-size: small;\">Los lunes, al sol, habr\u00e1 infusiones, t\u00e9s y algo de m\u00fasica tranquila&#8230;<br \/>\n<\/span><\/span><\/span><\/span><\/p>\n<p><span style=\"color:#333333\"><span><br \/>\n<\/span><\/span><\/p>\n<p><span style=\"color:#333333\"><span><span style=\"font-family: Constantia,serif;\"><span style=\"font-size: small;\">Recorda<span style=\"font-size: small;\">r que abr<span style=\"font-size: small;\">en<\/span><\/span> los viernes, tambi\u00e9n a partir de las  siete, y que <span style=\"font-size: small;\">a partir de las 9<span style=\"font-size: small;\">:30 <\/span><\/span> cenamos juntxs alg\u00fan plato de cocina vegana&#8230;<\/span><\/span><\/span><\/span><\/p>\n","protected":false},"excerpt":{"rendered":"<p>En este momento de apat\u00ed\u00ada, frustraci\u00f3n, des\u00e1nimo y falta de ilusi\u00f3n, proponemos un lugar y un instante para encontrarnos. Encontrarnos y compartir, qui\u00e9n sabe si combatir, todo aquello que nos inquieta y enfrentamos solxs. Quiz\u00e1s en la mirada de la gente encontremos esa complicidad que nos haga m\u00e1s fuertes, combativxs y libres. A partir de&#8230;  <a href=\"https:\/\/diariodevurgos.com\/dvwps\/los-lunes-al-sol-csa-zaragalla.php\" class=\"more-link\" title=\"Read Los lunes al sol .CSA Zaragalla\">Read more &raquo;<\/a><\/p>\n","protected":false},"author":8,"featured_media":0,"comment_status":"open","ping_status":"closed","sticky":false,"template":"","format":"standard","meta":[],"categories":[2,53],"tags":[],"_links":{"self":[{"href":"https:\/\/diariodevurgos.com\/dvwps\/wp-json\/wp\/v2\/posts\/9806"}],"collection":[{"href":"https:\/\/diariodevurgos.com\/dvwps\/wp-json\/wp\/v2\/posts"}],"about":[{"href":"https:\/\/diariodevurgos.com\/dvwps\/wp-json\/wp\/v2\/types\/post"}],"author":[{"embeddable":true,"href":"https:\/\/diariodevurgos.com\/dvwps\/wp-json\/wp\/v2\/users\/8"}],"replies":[{"embeddable":true,"href":"https:\/\/diariodevurgos.com\/dvwps\/wp-json\/wp\/v2\/comments?post=9806"}],"version-history":[{"count":2,"href":"https:\/\/diariodevurgos.com\/dvwps\/wp-json\/wp\/v2\/posts\/9806\/revisions"}],"predecessor-version":[{"id":9809,"href":"https:\/\/diariodevurgos.com\/dvwps\/wp-json\/wp\/v2\/posts\/9806\/revisions\/9809"}],"wp:attachment":[{"href":"https:\/\/diariodevurgos.com\/dvwps\/wp-json\/wp\/v2\/media?parent=9806"}],"wp:term":[{"taxonomy":"category","embeddable":true,"href":"https:\/\/diariodevurgos.com\/dvwps\/wp-json\/wp\/v2\/categories?post=9806"},{"taxonomy":"post_tag","embeddable":true,"href":"https:\/\/diariodevurgos.com\/dvwps\/wp-json\/wp\/v2\/tags?post=9806"}],"curies":[{"name":"wp","href":"https:\/\/api.w.org\/{rel}","templated":true}]}}